{"id":1424,"date":"2020-09-01T10:15:00","date_gmt":"2020-09-01T08:15:00","guid":{"rendered":"http:\/\/fajnaszkola.eu\/?p=1424"},"modified":"2020-09-27T10:23:07","modified_gmt":"2020-09-27T08:23:07","slug":"rozpoczecie-roku-szkolnego","status":"publish","type":"post","link":"http:\/\/fajnaszkola.eu\/index.php\/2020\/09\/01\/rozpoczecie-roku-szkolnego\/","title":{"rendered":"ROZPOCZ\u0118CIE ROKU SZKOLNEGO"},"content":{"rendered":"\n<p>Jak zwykle pierwszego wrze\u015bnia rozbrzmia\u0142 pierwszy dzwonek. Ale jak\u017ce inny by\u0142 ten pocz\u0105tek roku od tych w latach poprzednich. Bez uroczystego apelu, bez udzia\u0142u rodzic\u00f3w, za to w maseczkach na twarzy. W murach szko\u0142y uczni\u00f3w powitali wychowawcy, kt\u00f3rzy przekazali plan i garstk\u0119 najwa\u017cniejszych informacji o tym, jak b\u0119dzie funkcjonowa\u0142a nasza szko\u0142a w czasie epidemii.Teraz czeka nas 10 miesi\u0119cy wyt\u0119\u017conej pracy. Wszystkim Uczniom, Rodzicom i Nauczycielom \u017cyczymy na ten czas przede wszystkim zdrowia i wytrwa\u0142o\u015bci<\/p>\n","protected":false},"excerpt":{"rendered":"<p>Jak zwykle pierwszego wrze\u015bnia rozbrzmia\u0142 pierwszy dzwonek. Ale jak\u017ce inny by\u0142 ten pocz\u0105tek roku od tych w latach poprzednich. Bez uroczystego apelu, bez udzia\u0142u rodzic\u00f3w, za to w maseczkach na twarzy. W murach szko\u0142y uczni\u00f3w powitali wychowawcy, kt\u00f3rzy przekazali plan &hellip; <\/p>\n","protected":false},"author":1,"featured_media":1425,"comment_status":"closed","ping_status":"closed","sticky":false,"template":"","format":"standard","meta":{"_exactmetrics_skip_tracking":false,"_exactmetrics_sitenote_active":false,"_exactmetrics_sitenote_note":"","_exactmetrics_sitenote_category":0,"footnotes":""},"categories":[1],"tags":[],"class_list":["post-1424","post","type-post","status-publish","format-standard","has-post-thumbnail","hentry","category-bez-kategorii"],"_links":{"self":[{"href":"http:\/\/fajnaszkola.eu\/index.php\/wp-json\/wp\/v2\/posts\/1424","targetHints":{"allow":["GET"]}}],"collection":[{"href":"http:\/\/fajnaszkola.eu\/index.php\/wp-json\/wp\/v2\/posts"}],"about":[{"href":"http:\/\/fajnaszkola.eu\/index.php\/wp-json\/wp\/v2\/types\/post"}],"author":[{"embeddable":true,"href":"http:\/\/fajnaszkola.eu\/index.php\/wp-json\/wp\/v2\/users\/1"}],"replies":[{"embeddable":true,"href":"http:\/\/fajnaszkola.eu\/index.php\/wp-json\/wp\/v2\/comments?post=1424"}],"version-history":[{"count":1,"href":"http:\/\/fajnaszkola.eu\/index.php\/wp-json\/wp\/v2\/posts\/1424\/revisions"}],"predecessor-version":[{"id":1426,"href":"http:\/\/fajnaszkola.eu\/index.php\/wp-json\/wp\/v2\/posts\/1424\/revisions\/1426"}],"wp:featuredmedia":[{"embeddable":true,"href":"http:\/\/fajnaszkola.eu\/index.php\/wp-json\/wp\/v2\/media\/1425"}],"wp:attachment":[{"href":"http:\/\/fajnaszkola.eu\/index.php\/wp-json\/wp\/v2\/media?parent=1424"}],"wp:term":[{"taxonomy":"category","embeddable":true,"href":"http:\/\/fajnaszkola.eu\/index.php\/wp-json\/wp\/v2\/categories?post=1424"},{"taxonomy":"post_tag","embeddable":true,"href":"http:\/\/fajnaszkola.eu\/index.php\/wp-json\/wp\/v2\/tags?post=1424"}],"curies":[{"name":"wp","href":"https:\/\/api.w.org\/{rel}","templated":true}]}}