{"id":1434,"date":"2020-09-18T09:06:32","date_gmt":"2020-09-18T07:06:32","guid":{"rendered":"http:\/\/fajnaszkola.eu\/?p=1434"},"modified":"2020-09-30T09:24:48","modified_gmt":"2020-09-30T07:24:48","slug":"pozdrowienia-od-siostr-diakonis","status":"publish","type":"post","link":"http:\/\/fajnaszkola.eu\/index.php\/2020\/09\/18\/pozdrowienia-od-siostr-diakonis\/","title":{"rendered":"POZDROWIENIA OD SI\u00d3STR DIAKONIS"},"content":{"rendered":"\n<p>Witam Panie Dyrektorze, witam Pani Magdo, \u00a0 mam przyjemno\u015b\u0107 przekaza\u0107 wyrazy wdzi\u0119czno\u015bci od Si\u00f3str Diakonis i od p. prezesa Scheuricha za mi\u0142e prezenty, kt\u00f3re Wasi uczniowie i Wy jako przedstawiciele szko\u0142y przes\u0142ali\u015bcie im za po\u015brednictwem mojej osoby. \u00a0 W za\u0142\u0105czeniu przesy\u0142am zdj\u0119cia z mojej kr\u00f3tkiej wizyty u si\u00f3str: zdj\u0119cie grobu zmar\u0142ej siostry Charlotte z symbolicznym zniczem od Was, kilka uj\u0119\u0107 nowego domu si\u00f3str wraz z uj\u0119ciem miejsca, gdzie zosta\u0142a postawiony upominek od Was oraz kilka uj\u0119\u0107 starego domu si\u00f3str b\u0119d\u0105cego w stanie rozbi\u00f3rki. \u00a0 Gdyby by\u0142a taka potrzeba to mog\u0119 przes\u0142a\u0107 Wam te zdj\u0119cia r\u00f3wnie\u017c w wi\u0119kszej rozdzielczo\u015bci.<br>\u00a0 Pozdrawiam serdecznie,<\/p>\n\n\n\n<figure class=\"wp-block-image size-large\"><img loading=\"lazy\" decoding=\"async\" width=\"1024\" height=\"683\" src=\"http:\/\/fajnaszkola.eu\/wp-content\/uploads\/2020\/09\/IMG_2557_klein.jpg\" alt=\"\" class=\"wp-image-1435\" srcset=\"http:\/\/fajnaszkola.eu\/wp-content\/uploads\/2020\/09\/IMG_2557_klein.jpg 1024w, http:\/\/fajnaszkola.eu\/wp-content\/uploads\/2020\/09\/IMG_2557_klein-300x200.jpg 300w, http:\/\/fajnaszkola.eu\/wp-content\/uploads\/2020\/09\/IMG_2557_klein-768x512.jpg 768w\" sizes=\"auto, (max-width: 1024px) 100vw, 1024px\" \/><\/figure>\n","protected":false},"excerpt":{"rendered":"<p>Witam Panie Dyrektorze, witam Pani Magdo, \u00a0 mam przyjemno\u015b\u0107 przekaza\u0107 wyrazy wdzi\u0119czno\u015bci od Si\u00f3str Diakonis i od p. prezesa Scheuricha za mi\u0142e prezenty, kt\u00f3re Wasi uczniowie i Wy jako przedstawiciele szko\u0142y przes\u0142ali\u015bcie im za po\u015brednictwem mojej osoby. \u00a0 W za\u0142\u0105czeniu &hellip; <\/p>\n","protected":false},"author":1,"featured_media":1436,"comment_status":"closed","ping_status":"closed","sticky":false,"template":"","format":"standard","meta":{"_exactmetrics_skip_tracking":false,"_exactmetrics_sitenote_active":false,"_exactmetrics_sitenote_note":"","_exactmetrics_sitenote_category":0,"footnotes":""},"categories":[1],"tags":[],"class_list":["post-1434","post","type-post","status-publish","format-standard","has-post-thumbnail","hentry","category-bez-kategorii"],"_links":{"self":[{"href":"http:\/\/fajnaszkola.eu\/index.php\/wp-json\/wp\/v2\/posts\/1434","targetHints":{"allow":["GET"]}}],"collection":[{"href":"http:\/\/fajnaszkola.eu\/index.php\/wp-json\/wp\/v2\/posts"}],"about":[{"href":"http:\/\/fajnaszkola.eu\/index.php\/wp-json\/wp\/v2\/types\/post"}],"author":[{"embeddable":true,"href":"http:\/\/fajnaszkola.eu\/index.php\/wp-json\/wp\/v2\/users\/1"}],"replies":[{"embeddable":true,"href":"http:\/\/fajnaszkola.eu\/index.php\/wp-json\/wp\/v2\/comments?post=1434"}],"version-history":[{"count":1,"href":"http:\/\/fajnaszkola.eu\/index.php\/wp-json\/wp\/v2\/posts\/1434\/revisions"}],"predecessor-version":[{"id":1437,"href":"http:\/\/fajnaszkola.eu\/index.php\/wp-json\/wp\/v2\/posts\/1434\/revisions\/1437"}],"wp:featuredmedia":[{"embeddable":true,"href":"http:\/\/fajnaszkola.eu\/index.php\/wp-json\/wp\/v2\/media\/1436"}],"wp:attachment":[{"href":"http:\/\/fajnaszkola.eu\/index.php\/wp-json\/wp\/v2\/media?parent=1434"}],"wp:term":[{"taxonomy":"category","embeddable":true,"href":"http:\/\/fajnaszkola.eu\/index.php\/wp-json\/wp\/v2\/categories?post=1434"},{"taxonomy":"post_tag","embeddable":true,"href":"http:\/\/fajnaszkola.eu\/index.php\/wp-json\/wp\/v2\/tags?post=1434"}],"curies":[{"name":"wp","href":"https:\/\/api.w.org\/{rel}","templated":true}]}}