{"id":1663,"date":"2022-03-18T11:00:55","date_gmt":"2022-03-18T10:00:55","guid":{"rendered":"http:\/\/fajnaszkola.eu\/?p=1663"},"modified":"2022-03-20T11:09:26","modified_gmt":"2022-03-20T10:09:26","slug":"wybory-do-mlodziezowej-rady-miejskiej","status":"publish","type":"post","link":"http:\/\/fajnaszkola.eu\/index.php\/2022\/03\/18\/wybory-do-mlodziezowej-rady-miejskiej\/","title":{"rendered":"WYBORY DO M\u0141ODZIE\u017bOWEJ RADY MIEJSKIEJ"},"content":{"rendered":"<p align=\"justify\">18 marca 2022 r. odby\u0142y si\u0119 wybory do M\u0142odzie\u017cowej Rady Miejskiej. Dwa dni wcze\u015bniej nasze Kandydatki: Karolina Dublowska, Aleksandra R\u00f3\u017ca\u0144ska, Amelia We\u017cgowiec oraz Klaudia Wi\u0119c\u0142aw zaprezentowa\u0142y sw\u00f3j program wyborczy. Mia\u0142o to u\u0142atwi\u0107 uczniom klas 4-8 oraz nauczycielom podj\u0119cie decyzji.<\/p>\n<p align=\"justify\">W wyborach wzi\u0119li udzia\u0142 uczniowie klas starszych oraz pracownicy szko\u0142y. Oddano 134 g\u0142osy (19 by\u0142o niewa\u017cnych).<\/p>\n<p align=\"justify\">Wyniki:<\/p>\n<p align=\"justify\">&#8211; ALEKSANDRA R\u00d3\u017bA\u0143SKA \u2013 64 g\u0142osy<\/p>\n<p align=\"justify\">&#8211; KAROLINA DUBLOWSKA \u2013 35 g\u0142os\u00f3w<\/p>\n<p align=\"justify\">&#8211; AMELIA WE\u017bGOWIEC \u2013 8 g\u0142os\u00f3w<\/p>\n<p align=\"justify\">&#8211; KLAUDIA WI\u0118C\u0141AW \u2013 8 g\u0142os\u00f3w<\/p>\n<p align=\"justify\">\n<p align=\"justify\"><img loading=\"lazy\" decoding=\"async\" class=\"alignnone size-medium wp-image-1664\" src=\"http:\/\/fajnaszkola.eu\/wp-content\/uploads\/2022\/03\/IMG_2545-200x300.jpg\" alt=\"\" width=\"200\" height=\"300\" srcset=\"http:\/\/fajnaszkola.eu\/wp-content\/uploads\/2022\/03\/IMG_2545-200x300.jpg 200w, http:\/\/fajnaszkola.eu\/wp-content\/uploads\/2022\/03\/IMG_2545-683x1024.jpg 683w, http:\/\/fajnaszkola.eu\/wp-content\/uploads\/2022\/03\/IMG_2545-768x1152.jpg 768w, http:\/\/fajnaszkola.eu\/wp-content\/uploads\/2022\/03\/IMG_2545.jpg 800w\" sizes=\"auto, (max-width: 200px) 100vw, 200px\" \/><img loading=\"lazy\" decoding=\"async\" class=\"alignnone size-medium wp-image-1665\" src=\"http:\/\/fajnaszkola.eu\/wp-content\/uploads\/2022\/03\/IMG_2557-200x300.jpg\" alt=\"\" width=\"200\" height=\"300\" srcset=\"http:\/\/fajnaszkola.eu\/wp-content\/uploads\/2022\/03\/IMG_2557-200x300.jpg 200w, http:\/\/fajnaszkola.eu\/wp-content\/uploads\/2022\/03\/IMG_2557-683x1024.jpg 683w, http:\/\/fajnaszkola.eu\/wp-content\/uploads\/2022\/03\/IMG_2557-768x1152.jpg 768w, http:\/\/fajnaszkola.eu\/wp-content\/uploads\/2022\/03\/IMG_2557.jpg 800w\" sizes=\"auto, (max-width: 200px) 100vw, 200px\" \/><\/p>\n<p align=\"justify\">\n","protected":false},"excerpt":{"rendered":"<p>18 marca 2022 r. odby\u0142y si\u0119 wybory do M\u0142odzie\u017cowej Rady Miejskiej. Dwa dni wcze\u015bniej nasze Kandydatki: Karolina Dublowska, Aleksandra R\u00f3\u017ca\u0144ska, Amelia We\u017cgowiec oraz Klaudia Wi\u0119c\u0142aw zaprezentowa\u0142y sw\u00f3j program wyborczy. Mia\u0142o to u\u0142atwi\u0107 uczniom klas 4-8 oraz nauczycielom podj\u0119cie decyzji. W &hellip; <\/p>\n","protected":false},"author":1,"featured_media":0,"comment_status":"closed","ping_status":"closed","sticky":false,"template":"","format":"standard","meta":{"_exactmetrics_skip_tracking":false,"_exactmetrics_sitenote_active":false,"_exactmetrics_sitenote_note":"","_exactmetrics_sitenote_category":0,"footnotes":""},"categories":[1],"tags":[],"class_list":["post-1663","post","type-post","status-publish","format-standard","hentry","category-bez-kategorii"],"_links":{"self":[{"href":"http:\/\/fajnaszkola.eu\/index.php\/wp-json\/wp\/v2\/posts\/1663","targetHints":{"allow":["GET"]}}],"collection":[{"href":"http:\/\/fajnaszkola.eu\/index.php\/wp-json\/wp\/v2\/posts"}],"about":[{"href":"http:\/\/fajnaszkola.eu\/index.php\/wp-json\/wp\/v2\/types\/post"}],"author":[{"embeddable":true,"href":"http:\/\/fajnaszkola.eu\/index.php\/wp-json\/wp\/v2\/users\/1"}],"replies":[{"embeddable":true,"href":"http:\/\/fajnaszkola.eu\/index.php\/wp-json\/wp\/v2\/comments?post=1663"}],"version-history":[{"count":3,"href":"http:\/\/fajnaszkola.eu\/index.php\/wp-json\/wp\/v2\/posts\/1663\/revisions"}],"predecessor-version":[{"id":1668,"href":"http:\/\/fajnaszkola.eu\/index.php\/wp-json\/wp\/v2\/posts\/1663\/revisions\/1668"}],"wp:attachment":[{"href":"http:\/\/fajnaszkola.eu\/index.php\/wp-json\/wp\/v2\/media?parent=1663"}],"wp:term":[{"taxonomy":"category","embeddable":true,"href":"http:\/\/fajnaszkola.eu\/index.php\/wp-json\/wp\/v2\/categories?post=1663"},{"taxonomy":"post_tag","embeddable":true,"href":"http:\/\/fajnaszkola.eu\/index.php\/wp-json\/wp\/v2\/tags?post=1663"}],"curies":[{"name":"wp","href":"https:\/\/api.w.org\/{rel}","templated":true}]}}