{"id":1725,"date":"2022-11-04T16:12:07","date_gmt":"2022-11-04T15:12:07","guid":{"rendered":"https:\/\/fajnaszkola.eu\/?p=1725"},"modified":"2022-11-07T16:16:24","modified_gmt":"2022-11-07T15:16:24","slug":"postacie-bajek","status":"publish","type":"post","link":"http:\/\/fajnaszkola.eu\/index.php\/2022\/11\/04\/postacie-bajek\/","title":{"rendered":"POSTACIE BAJEK"},"content":{"rendered":"<div dir=\"auto\">4.11.2022 r. nasze przedszkolaki przenios\u0142y si\u0119 do pi\u0119knego \u015bwiata \u2013 \u015awiata Bajek !!!<\/div>\n<div dir=\"auto\">Cho\u0107 Mi\u0119dzynarodowy Dzie\u0144 Postaci z Bajek przypada 5 listopada to do przedszkola zawita\u0142y r\u00f3\u017cne bajkowe postaci. W tym wyj\u0105tkowo &#8211; bajkowym dniu dzieci zapozna\u0142y si\u0119 z bajkami z ekranu jak i z bajkami czytanymi w naszym przedszkolu.<\/div>\n<div dir=\"auto\">Ten dzie\u0144 mia\u0142 wszystkim przypomnie\u0107 jak wa\u017cne s\u0105 bajki i \u017ce warto do nich powraca\u0107. Jednak najwa\u017cniejszym celem by\u0142o popularyzowanie tradycyjnych bajek bez przemocy, takich gdzie dobro wygrywa, a z\u0142o zostaje ukarane. Dzieci wys\u0142ucha\u0142y fragment\u00f3w najbardziej znanych ba\u015bni i bajek, rozpoznawa\u0142y bajkowe postacie i tytu\u0142y bajek, z kt\u00f3rych pochodz\u0105. Segregowa\u0142y tak\u017ce rekwizyty z bajek, oraz ta\u0144czy\u0142y do ulubionych bajkowych piosenek.<\/div>\n<div dir=\"auto\">Ten dzie\u0144 sprawi\u0142 dzieciom bardzo wiele rado\u015bci. Przedszkolaki by\u0142y aktywne, otwarte i weso\u0142e. By\u0142 to dzie\u0144 pe\u0142en wra\u017ce\u0144.<\/div>\n","protected":false},"excerpt":{"rendered":"<p>4.11.2022 r. nasze przedszkolaki przenios\u0142y si\u0119 do pi\u0119knego \u015bwiata \u2013 \u015awiata Bajek !!! Cho\u0107 Mi\u0119dzynarodowy Dzie\u0144 Postaci z Bajek przypada 5 listopada to do przedszkola zawita\u0142y r\u00f3\u017cne bajkowe postaci. W tym wyj\u0105tkowo &#8211; bajkowym dniu dzieci zapozna\u0142y si\u0119 z bajkami &hellip; <\/p>\n","protected":false},"author":1,"featured_media":1726,"comment_status":"closed","ping_status":"closed","sticky":false,"template":"","format":"standard","meta":{"_exactmetrics_skip_tracking":false,"_exactmetrics_sitenote_active":false,"_exactmetrics_sitenote_note":"","_exactmetrics_sitenote_category":0,"footnotes":""},"categories":[1],"tags":[],"class_list":["post-1725","post","type-post","status-publish","format-standard","has-post-thumbnail","hentry","category-bez-kategorii"],"_links":{"self":[{"href":"http:\/\/fajnaszkola.eu\/index.php\/wp-json\/wp\/v2\/posts\/1725","targetHints":{"allow":["GET"]}}],"collection":[{"href":"http:\/\/fajnaszkola.eu\/index.php\/wp-json\/wp\/v2\/posts"}],"about":[{"href":"http:\/\/fajnaszkola.eu\/index.php\/wp-json\/wp\/v2\/types\/post"}],"author":[{"embeddable":true,"href":"http:\/\/fajnaszkola.eu\/index.php\/wp-json\/wp\/v2\/users\/1"}],"replies":[{"embeddable":true,"href":"http:\/\/fajnaszkola.eu\/index.php\/wp-json\/wp\/v2\/comments?post=1725"}],"version-history":[{"count":1,"href":"http:\/\/fajnaszkola.eu\/index.php\/wp-json\/wp\/v2\/posts\/1725\/revisions"}],"predecessor-version":[{"id":1727,"href":"http:\/\/fajnaszkola.eu\/index.php\/wp-json\/wp\/v2\/posts\/1725\/revisions\/1727"}],"wp:featuredmedia":[{"embeddable":true,"href":"http:\/\/fajnaszkola.eu\/index.php\/wp-json\/wp\/v2\/media\/1726"}],"wp:attachment":[{"href":"http:\/\/fajnaszkola.eu\/index.php\/wp-json\/wp\/v2\/media?parent=1725"}],"wp:term":[{"taxonomy":"category","embeddable":true,"href":"http:\/\/fajnaszkola.eu\/index.php\/wp-json\/wp\/v2\/categories?post=1725"},{"taxonomy":"post_tag","embeddable":true,"href":"http:\/\/fajnaszkola.eu\/index.php\/wp-json\/wp\/v2\/tags?post=1725"}],"curies":[{"name":"wp","href":"https:\/\/api.w.org\/{rel}","templated":true}]}}