{"id":1732,"date":"2022-11-30T04:10:17","date_gmt":"2022-11-30T03:10:17","guid":{"rendered":"https:\/\/fajnaszkola.eu\/?p=1732"},"modified":"2023-01-31T04:15:28","modified_gmt":"2023-01-31T03:15:28","slug":"andrzejki-3","status":"publish","type":"post","link":"http:\/\/fajnaszkola.eu\/index.php\/2022\/11\/30\/andrzejki-3\/","title":{"rendered":"ANDRZEJKI"},"content":{"rendered":"<div class=\"\" dir=\"auto\">\n<div id=\"jsc_c_yo\" class=\"x1iorvi4 x1pi30zi x1swvt13 x1l90r2v\" data-ad-comet-preview=\"message\" data-ad-preview=\"message\">\n<div class=\"x78zum5 xdt5ytf xz62fqu x16ldp7u\">\n<div class=\"xu06os2 x1ok221b\">\n<div class=\"x11i5rnm xat24cr x1mh8g0r x1vvkbs xdj266r x126k92a\">\n<div dir=\"auto\">Andrzejki s\u0105 wspania\u0142\u0105 okazj\u0105 do dobrej zabawy, a jednocze\u015bnie \u017ar\u00f3d\u0142em szacunku dla tradycji i obrz\u0119d\u00f3w ludowych. Sta\u0142y si\u0119 okazj\u0105 do wsp\u00f3lnej zabawy dla starszych i m\u0142odszych uczni\u00f3w. Jak zwykle, przy tej okazji nie mog\u0142o obej\u015b\u0107 si\u0119 bez wr\u00f3\u017cb.<\/div>\n<div dir=\"auto\">Wr\u00f3\u017cby pobudzaj\u0105 wyobra\u017ani\u0119, ucz\u0105 kreatywno\u015bci, pozwalaj\u0105 oderwa\u0107 si\u0119 od rzeczywisto\u015bci i przenie\u015b\u0107 w \u015bwiat marze\u0144 i fantazji.<\/div>\n<\/div>\n<div class=\"x11i5rnm xat24cr x1mh8g0r x1vvkbs xtlvy1s x126k92a\">\n<div dir=\"auto\">Dnia 30.11.2022 roku w naszej szkole oraz w ZCKiT od godz. 9:00 odby\u0142a si\u0119 zabawa andrzejkowa, kt\u00f3ra przebiega\u0142a w atmosferze wr\u00f3\u017cb i magii. Przyczyni\u0142 si\u0119 do tego Samorz\u0105d Uczniowski wraz z opiekunem. Przez uczni\u00f3w zosta\u0142y przygotowane r\u00f3\u017cne wr\u00f3\u017cby, uczniowie i nauczyciele mogli dowiedzie\u0107 si\u0119, jaka czeka ich przysz\u0142o\u015b\u0107, jak na imi\u0119 b\u0119dzie mia\u0142a przysz\u0142a sympatia, ka\u017cdy m\u00f3g\u0142 spr\u00f3bowa\u0107 ciasteczka z wr\u00f3\u017cb\u0105 oraz zrobi\u0107 sobie pami\u0105tkowe zdj\u0119cie. Niekt\u00f3rzy Z uczestnik\u00f3w za\u0142o\u017cyli zabawne kostiumy.<\/div>\n<div dir=\"auto\">Rado\u015bci oraz u\u015bmiechu by\u0142o wiele i wszyscy z ut\u0119sknieniem czekaj\u0105 ju\u017c na nast\u0119pn\u0105 imprez\u0119.<img loading=\"lazy\" decoding=\"async\" class=\"alignnone size-medium wp-image-1734\" src=\"http:\/\/fajnaszkola.eu\/wp-content\/uploads\/2023\/01\/317073257_580863627378232_1063694508347553562_n-225x300.jpg\" alt=\"\" width=\"225\" height=\"300\" srcset=\"http:\/\/fajnaszkola.eu\/wp-content\/uploads\/2023\/01\/317073257_580863627378232_1063694508347553562_n-225x300.jpg 225w, http:\/\/fajnaszkola.eu\/wp-content\/uploads\/2023\/01\/317073257_580863627378232_1063694508347553562_n-768x1024.jpg 768w, http:\/\/fajnaszkola.eu\/wp-content\/uploads\/2023\/01\/317073257_580863627378232_1063694508347553562_n-1152x1536.jpg 1152w, http:\/\/fajnaszkola.eu\/wp-content\/uploads\/2023\/01\/317073257_580863627378232_1063694508347553562_n.jpg 1536w\" sizes=\"auto, (max-width: 225px) 100vw, 225px\" \/><\/div>\n<\/div>\n<\/div>\n<\/div>\n<\/div>\n<\/div>\n","protected":false},"excerpt":{"rendered":"<p>Andrzejki s\u0105 wspania\u0142\u0105 okazj\u0105 do dobrej zabawy, a jednocze\u015bnie \u017ar\u00f3d\u0142em szacunku dla tradycji i obrz\u0119d\u00f3w ludowych. Sta\u0142y si\u0119 okazj\u0105 do wsp\u00f3lnej zabawy dla starszych i m\u0142odszych uczni\u00f3w. Jak zwykle, przy tej okazji nie mog\u0142o obej\u015b\u0107 si\u0119 bez wr\u00f3\u017cb. Wr\u00f3\u017cby pobudzaj\u0105 &hellip; <\/p>\n","protected":false},"author":1,"featured_media":1733,"comment_status":"closed","ping_status":"closed","sticky":false,"template":"","format":"standard","meta":{"_exactmetrics_skip_tracking":false,"_exactmetrics_sitenote_active":false,"_exactmetrics_sitenote_note":"","_exactmetrics_sitenote_category":0,"footnotes":""},"categories":[1],"tags":[],"class_list":["post-1732","post","type-post","status-publish","format-standard","has-post-thumbnail","hentry","category-bez-kategorii"],"_links":{"self":[{"href":"http:\/\/fajnaszkola.eu\/index.php\/wp-json\/wp\/v2\/posts\/1732","targetHints":{"allow":["GET"]}}],"collection":[{"href":"http:\/\/fajnaszkola.eu\/index.php\/wp-json\/wp\/v2\/posts"}],"about":[{"href":"http:\/\/fajnaszkola.eu\/index.php\/wp-json\/wp\/v2\/types\/post"}],"author":[{"embeddable":true,"href":"http:\/\/fajnaszkola.eu\/index.php\/wp-json\/wp\/v2\/users\/1"}],"replies":[{"embeddable":true,"href":"http:\/\/fajnaszkola.eu\/index.php\/wp-json\/wp\/v2\/comments?post=1732"}],"version-history":[{"count":1,"href":"http:\/\/fajnaszkola.eu\/index.php\/wp-json\/wp\/v2\/posts\/1732\/revisions"}],"predecessor-version":[{"id":1735,"href":"http:\/\/fajnaszkola.eu\/index.php\/wp-json\/wp\/v2\/posts\/1732\/revisions\/1735"}],"wp:featuredmedia":[{"embeddable":true,"href":"http:\/\/fajnaszkola.eu\/index.php\/wp-json\/wp\/v2\/media\/1733"}],"wp:attachment":[{"href":"http:\/\/fajnaszkola.eu\/index.php\/wp-json\/wp\/v2\/media?parent=1732"}],"wp:term":[{"taxonomy":"category","embeddable":true,"href":"http:\/\/fajnaszkola.eu\/index.php\/wp-json\/wp\/v2\/categories?post=1732"},{"taxonomy":"post_tag","embeddable":true,"href":"http:\/\/fajnaszkola.eu\/index.php\/wp-json\/wp\/v2\/tags?post=1732"}],"curies":[{"name":"wp","href":"https:\/\/api.w.org\/{rel}","templated":true}]}}