{"id":1736,"date":"2022-12-06T04:17:54","date_gmt":"2022-12-06T03:17:54","guid":{"rendered":"https:\/\/fajnaszkola.eu\/?p=1736"},"modified":"2023-01-31T04:20:49","modified_gmt":"2023-01-31T03:20:49","slug":"mikolaj","status":"publish","type":"post","link":"http:\/\/fajnaszkola.eu\/index.php\/2022\/12\/06\/mikolaj\/","title":{"rendered":"MIKO\u0141AJ"},"content":{"rendered":"<p><span class=\"x193iq5w xeuugli x13faqbe x1vvkbs x1xmvt09 x1lliihq x1s928wv xhkezso x1gmr53x x1cpjm7i x1fgarty x1943h6x xudqn12 x3x7a5m x6prxxf xvq8zen xo1l8bm xzsf02u x1yc453h\" dir=\"auto\">Nadszed\u0142 wreszcie d\u0142ugo oczekiwany dzie\u0144. Wszystkie dzieci ju\u017c od samego rana z wielk\u0105 niecierpliwo\u015bci\u0105 spogl\u0105da\u0142y na drzwi i pyta\u0142y kiedy spotkaj\u0105 si\u0119 z Miko\u0142ajem. Wizyta w Domu \u015aw. Miko\u0142aja, to jeden z najbardziej oczekiwanych przez dzieci dni w roku. W\u0142a\u015bnie 5 grudnia nasze przedszkolaki uda\u0142y si\u0119 do Srebrnej G\u00f3ry, by m\u00f3c zobaczy\u0107 si\u0119 z Miko\u0142ajem. Ka\u017cde dziecko ju\u017c na wst\u0119pie mia\u0142o za zadanie narysowa\u0107 to, co chcia\u0142oby dosta\u0107 od Miko\u0142aja. Dzieci wraz z listem podchodzi\u0142y do \u015awi\u0119tego i opowiada\u0142y o swoich marzeniach. Miko\u0142aj niczym gwiazdor dzielnie pozowa\u0142 do zdj\u0119\u0107 bior\u0105c na kolana dzieci oraz cz\u0119stowa\u0142 s\u0142odko\u015bciami. Atmosfera spotkania by\u0142a magiczna. Ka\u017cdy w tym dniu zosta\u0142 obdarowany drobnym prezencikiem. Gdy tylko Miko\u0142aj si\u0119 z nami po\u017cegna\u0142, Elfy wkroczy\u0142y i \u015bwietnie zaj\u0119\u0142y si\u0119 dzie\u0107mi. By\u0142y r\u00f3\u017cnego rodzaju zabawy, ta\u0144ce oraz warsztaty plastyczne. Ka\u017cde dziecko wysz\u0142o z tego spotkania jak zaczarowane&#8230;<\/span><\/p>\n","protected":false},"excerpt":{"rendered":"<p>Nadszed\u0142 wreszcie d\u0142ugo oczekiwany dzie\u0144. Wszystkie dzieci ju\u017c od samego rana z wielk\u0105 niecierpliwo\u015bci\u0105 spogl\u0105da\u0142y na drzwi i pyta\u0142y kiedy spotkaj\u0105 si\u0119 z Miko\u0142ajem. Wizyta w Domu \u015aw. Miko\u0142aja, to jeden z najbardziej oczekiwanych przez dzieci dni w roku. W\u0142a\u015bnie &hellip; <\/p>\n","protected":false},"author":1,"featured_media":1737,"comment_status":"closed","ping_status":"closed","sticky":false,"template":"","format":"standard","meta":{"_exactmetrics_skip_tracking":false,"_exactmetrics_sitenote_active":false,"_exactmetrics_sitenote_note":"","_exactmetrics_sitenote_category":0,"footnotes":""},"categories":[1],"tags":[],"class_list":["post-1736","post","type-post","status-publish","format-standard","has-post-thumbnail","hentry","category-bez-kategorii"],"_links":{"self":[{"href":"http:\/\/fajnaszkola.eu\/index.php\/wp-json\/wp\/v2\/posts\/1736","targetHints":{"allow":["GET"]}}],"collection":[{"href":"http:\/\/fajnaszkola.eu\/index.php\/wp-json\/wp\/v2\/posts"}],"about":[{"href":"http:\/\/fajnaszkola.eu\/index.php\/wp-json\/wp\/v2\/types\/post"}],"author":[{"embeddable":true,"href":"http:\/\/fajnaszkola.eu\/index.php\/wp-json\/wp\/v2\/users\/1"}],"replies":[{"embeddable":true,"href":"http:\/\/fajnaszkola.eu\/index.php\/wp-json\/wp\/v2\/comments?post=1736"}],"version-history":[{"count":1,"href":"http:\/\/fajnaszkola.eu\/index.php\/wp-json\/wp\/v2\/posts\/1736\/revisions"}],"predecessor-version":[{"id":1738,"href":"http:\/\/fajnaszkola.eu\/index.php\/wp-json\/wp\/v2\/posts\/1736\/revisions\/1738"}],"wp:featuredmedia":[{"embeddable":true,"href":"http:\/\/fajnaszkola.eu\/index.php\/wp-json\/wp\/v2\/media\/1737"}],"wp:attachment":[{"href":"http:\/\/fajnaszkola.eu\/index.php\/wp-json\/wp\/v2\/media?parent=1736"}],"wp:term":[{"taxonomy":"category","embeddable":true,"href":"http:\/\/fajnaszkola.eu\/index.php\/wp-json\/wp\/v2\/categories?post=1736"},{"taxonomy":"post_tag","embeddable":true,"href":"http:\/\/fajnaszkola.eu\/index.php\/wp-json\/wp\/v2\/tags?post=1736"}],"curies":[{"name":"wp","href":"https:\/\/api.w.org\/{rel}","templated":true}]}}