{"id":1780,"date":"2023-02-03T21:56:02","date_gmt":"2023-02-03T20:56:02","guid":{"rendered":"https:\/\/fajnaszkola.eu\/?p=1780"},"modified":"2023-02-24T22:00:45","modified_gmt":"2023-02-24T21:00:45","slug":"wpisy-do-zlotej-ksiegi","status":"publish","type":"post","link":"http:\/\/fajnaszkola.eu\/index.php\/2023\/02\/03\/wpisy-do-zlotej-ksiegi\/","title":{"rendered":"WPISY DO Z\u0141OTEJ KSI\u0118GI"},"content":{"rendered":"<div class=\"gwp25cc6dfb_OutlineElement gwp25cc6dfb_Ltr gwp25cc6dfb_SCXW238094985 gwp25cc6dfb_BCX8\">\n<p class=\"gwp25cc6dfb_Paragraph gwp25cc6dfb_SCXW238094985 gwp25cc6dfb_BCX8\" lang=\"PL-PL\"><span class=\"gwp25cc6dfb_highlight\"><span class=\"gwp25cc6dfb_colour\"><span class=\"gwp25cc6dfb_font\"><span class=\"gwp25cc6dfb_size\"><span class=\"gwp25cc6dfb_NormalTextRun gwp25cc6dfb_SCXW238094985 gwp25cc6dfb_BCX8\">3 lutego nasza szko\u0142a obchodzi\u0142a jedn\u0105 ze swoich wa\u017cniejszych szkolnych uroczysto\u015bci \u2013 wpis do Z\u0142otej Ksi\u0119gi Klas I-III. To \u015bwi\u0119to uczni\u00f3w, kt\u00f3rzy zostali wyr\u00f3\u017cnieni za wyj\u0105tkowe osi\u0105gni\u0119cia w nauce i wysokie miejsca w konkursach.<\/span><\/span><\/span><span class=\"gwp25cc6dfb_font\"><span class=\"gwp25cc6dfb_size\"><span class=\"gwp25cc6dfb_NormalTextRun gwp25cc6dfb_SCXW238094985 gwp25cc6dfb_BCX8\"> Dyrektor Andrzej Pop\u0142awski oraz Burmistrz Marcin Orzeszek, na pocz\u0105tku uroczysto\u015bci zabrali g\u0142os, pogratulowali wspania\u0142ych wynik\u00f3w nie tylko podopiecznym plac\u00f3wki, lecz tak\u017ce ich rodzicom.<\/span><\/span><\/span> <span class=\"gwp25cc6dfb_font\"><span class=\"gwp25cc6dfb_size\"><span class=\"gwp25cc6dfb_NormalTextRun gwp25cc6dfb_SCXW238094985 gwp25cc6dfb_BCX8\">W sali mia\u0142 miejsce program artystyczny przygotowany przez uczni\u00f3w klasy 2A i 3A. Uczniowie p<\/span><\/span><\/span><span class=\"gwp25cc6dfb_font\"><span class=\"gwp25cc6dfb_size\"><span class=\"gwp25cc6dfb_NormalTextRun gwp25cc6dfb_SCXW238094985 gwp25cc6dfb_BCX8\">od kierunkiem swoich wychowawc\u00f3w El\u017cbiety <\/span><span class=\"gwp25cc6dfb_SpellingError gwp25cc6dfb_SCXW238094985 gwp25cc6dfb_BCX8\">Tkaczy\u0144skiej<\/span><span class=\"gwp25cc6dfb_NormalTextRun gwp25cc6dfb_SCXW238094985 gwp25cc6dfb_BCX8\"> i Barbary Wolanin przygotowa\u0142y wspania\u0142y program artystyczny, podczas kt\u00f3rego przenie\u015bli\u015bmy si\u0119 w \u015bwiat bajek. Wyst\u0119p zachwyci\u0142 zgromadzonych na widowni rodzic\u00f3w, nauczycieli i go\u015bci ciekaw\u0105 aran\u017cacj\u0105 oraz przepi\u0119knymi strojami. Podczas uroczysto\u015bci nagrodzeni zostali uczniowie ze <\/span><span class=\"gwp25cc6dfb_ContextualSpellingAndGrammarError gwp25cc6dfb_SCXW238094985 gwp25cc6dfb_BCX8\">szko\u0142y .<\/span><span class=\"gwp25cc6dfb_NormalTextRun gwp25cc6dfb_SCXW238094985 gwp25cc6dfb_BCX8\"> Uroczystego wr\u0119czenia nagr\u00f3d dokona\u0142 Burmistrz Marcin Orzeszek wraz z dyrektorem plac\u00f3wki Andrzejem Pop\u0142awskim. <\/span><\/span><\/span><span class=\"gwp25cc6dfb_font\"><span class=\"gwp25cc6dfb_size\">\u00a0<\/span><\/span><\/span><\/span><\/p>\n<\/div>\n<div class=\"gwp25cc6dfb_OutlineElement gwp25cc6dfb_Ltr gwp25cc6dfb_SCXW238094985 gwp25cc6dfb_BCX8\">\n<p class=\"gwp25cc6dfb_Paragraph gwp25cc6dfb_SCXW238094985 gwp25cc6dfb_BCX8\" lang=\"PL-PL\"><span class=\"gwp25cc6dfb_highlight\"><span class=\"gwp25cc6dfb_colour\"><span class=\"gwp25cc6dfb_font\"><span class=\"gwp25cc6dfb_size\"><span class=\"gwp25cc6dfb_NormalTextRun gwp25cc6dfb_SCXW238094985 gwp25cc6dfb_BCX8\">Gratulacje:)<\/span><\/span><\/span><span class=\"gwp25cc6dfb_font\"><span class=\"gwp25cc6dfb_size\"><span class=\"gwp25cc6dfb_SCXW238094985 gwp25cc6dfb_BCX8\">\u00a0<\/span><\/span><\/span><\/span><\/span><\/p>\n<\/div>\n","protected":false},"excerpt":{"rendered":"<p>3 lutego nasza szko\u0142a obchodzi\u0142a jedn\u0105 ze swoich wa\u017cniejszych szkolnych uroczysto\u015bci \u2013 wpis do Z\u0142otej Ksi\u0119gi Klas I-III. To \u015bwi\u0119to uczni\u00f3w, kt\u00f3rzy zostali wyr\u00f3\u017cnieni za wyj\u0105tkowe osi\u0105gni\u0119cia w nauce i wysokie miejsca w konkursach. Dyrektor Andrzej Pop\u0142awski oraz Burmistrz Marcin &hellip; <\/p>\n","protected":false},"author":1,"featured_media":1781,"comment_status":"closed","ping_status":"closed","sticky":false,"template":"","format":"standard","meta":{"_exactmetrics_skip_tracking":false,"_exactmetrics_sitenote_active":false,"_exactmetrics_sitenote_note":"","_exactmetrics_sitenote_category":0,"footnotes":""},"categories":[1],"tags":[],"class_list":["post-1780","post","type-post","status-publish","format-standard","has-post-thumbnail","hentry","category-bez-kategorii"],"_links":{"self":[{"href":"http:\/\/fajnaszkola.eu\/index.php\/wp-json\/wp\/v2\/posts\/1780","targetHints":{"allow":["GET"]}}],"collection":[{"href":"http:\/\/fajnaszkola.eu\/index.php\/wp-json\/wp\/v2\/posts"}],"about":[{"href":"http:\/\/fajnaszkola.eu\/index.php\/wp-json\/wp\/v2\/types\/post"}],"author":[{"embeddable":true,"href":"http:\/\/fajnaszkola.eu\/index.php\/wp-json\/wp\/v2\/users\/1"}],"replies":[{"embeddable":true,"href":"http:\/\/fajnaszkola.eu\/index.php\/wp-json\/wp\/v2\/comments?post=1780"}],"version-history":[{"count":1,"href":"http:\/\/fajnaszkola.eu\/index.php\/wp-json\/wp\/v2\/posts\/1780\/revisions"}],"predecessor-version":[{"id":1782,"href":"http:\/\/fajnaszkola.eu\/index.php\/wp-json\/wp\/v2\/posts\/1780\/revisions\/1782"}],"wp:featuredmedia":[{"embeddable":true,"href":"http:\/\/fajnaszkola.eu\/index.php\/wp-json\/wp\/v2\/media\/1781"}],"wp:attachment":[{"href":"http:\/\/fajnaszkola.eu\/index.php\/wp-json\/wp\/v2\/media?parent=1780"}],"wp:term":[{"taxonomy":"category","embeddable":true,"href":"http:\/\/fajnaszkola.eu\/index.php\/wp-json\/wp\/v2\/categories?post=1780"},{"taxonomy":"post_tag","embeddable":true,"href":"http:\/\/fajnaszkola.eu\/index.php\/wp-json\/wp\/v2\/tags?post=1780"}],"curies":[{"name":"wp","href":"https:\/\/api.w.org\/{rel}","templated":true}]}}