{"id":1785,"date":"2023-03-21T09:35:21","date_gmt":"2023-03-21T08:35:21","guid":{"rendered":"http:\/\/fajnaszkola.eu\/?p=1785"},"modified":"2023-04-15T09:43:21","modified_gmt":"2023-04-15T07:43:21","slug":"wiosna-wiosna-ach-to-ty","status":"publish","type":"post","link":"http:\/\/fajnaszkola.eu\/index.php\/2023\/03\/21\/wiosna-wiosna-ach-to-ty\/","title":{"rendered":"WIOSNA WIOSNA&#8230;&#8230;.ACH. TO TY."},"content":{"rendered":"<p><span class=\"gwp3abf9434_highlight\"><span class=\"gwp3abf9434_colour\"><span class=\"gwp3abf9434_font\"><span class=\"gwp3abf9434_size\">21 marca to wyj\u0105tkowa data w kalendarzu roku szkolnego. Uczniowie klas I-VIII po\u017cegnali zim\u0119 i przywitali wiosn\u0119. Czekali na ten dzie\u0144 z niecierpliwo\u015bci\u0105, bo wiedz\u0105, \u017ce w tradycji szko\u0142y Pierwszy Dzie\u0144 Wiosny obchodzi si\u0119 w niecodzienny spos\u00f3b. Tego dnia ka\u017cda klasa zaanga\u017cowa\u0142a si\u0119 w pe\u0142ni, aby zaprezentowa\u0107 si\u0119 jak najlepiej, przygotowywa\u0142a wiosenne nakrycie g\u0142owy i dekoracje.<\/span><\/span><\/span><\/span><\/p>\n<p><span class=\"gwp3abf9434_highlight\"><span class=\"gwp3abf9434_colour\"><span class=\"gwp3abf9434_font\"><span class=\"gwp3abf9434_size\">SU klas IV- VIII zaplanowa\u0142 dla \u00a0uczni\u00f3w konkurs na wiosenne nakrycie g\u0142owy. Dodatkowo \u00a0wszyscy nasi uczniowie mieli zadanie, aby przygotowa\u0107 klasow\u0105 Marzann\u0119 i zaprezentowa\u0107 j\u0105 podczas obchod\u00f3w. Ca\u0142a szko\u0142a bardzo ch\u0119tnie zaanga\u017cowa\u0142a si\u0119 w obchody Pierwszego Dnia Wiosny.\u00a0<\/span><\/span><\/span><\/span><\/p>\n<p><span class=\"gwp3abf9434_highlight\"><span class=\"gwp3abf9434_colour\"><span class=\"gwp3abf9434_font\"><span class=\"gwp3abf9434_size\">Na korytarzach od rana by\u0142o kolorowo i weso\u0142o. Zapraszamy do obejrzenia galerii zdj\u0119\u0107.<\/span><\/span><\/span><\/span><\/p>\n<p><img loading=\"lazy\" decoding=\"async\" class=\"alignnone size-medium wp-image-1789\" src=\"http:\/\/fajnaszkola.eu\/wp-content\/uploads\/2023\/04\/337543830_663750532419289_3556856490653362951_n-169x300.jpg\" alt=\"\" width=\"169\" height=\"300\" srcset=\"http:\/\/fajnaszkola.eu\/wp-content\/uploads\/2023\/04\/337543830_663750532419289_3556856490653362951_n-169x300.jpg 169w, http:\/\/fajnaszkola.eu\/wp-content\/uploads\/2023\/04\/337543830_663750532419289_3556856490653362951_n.jpg 541w\" sizes=\"auto, (max-width: 169px) 100vw, 169px\" \/><\/p>\n<p><img loading=\"lazy\" decoding=\"async\" class=\"alignnone size-medium wp-image-1788\" src=\"http:\/\/fajnaszkola.eu\/wp-content\/uploads\/2023\/04\/337398182_914469413224463_6816562001653417148_n-300x169.jpg\" alt=\"\" width=\"300\" height=\"169\" srcset=\"http:\/\/fajnaszkola.eu\/wp-content\/uploads\/2023\/04\/337398182_914469413224463_6816562001653417148_n-300x169.jpg 300w, http:\/\/fajnaszkola.eu\/wp-content\/uploads\/2023\/04\/337398182_914469413224463_6816562001653417148_n-1024x577.jpg 1024w, http:\/\/fajnaszkola.eu\/wp-content\/uploads\/2023\/04\/337398182_914469413224463_6816562001653417148_n-768x432.jpg 768w, http:\/\/fajnaszkola.eu\/wp-content\/uploads\/2023\/04\/337398182_914469413224463_6816562001653417148_n-1536x865.jpg 1536w, http:\/\/fajnaszkola.eu\/wp-content\/uploads\/2023\/04\/337398182_914469413224463_6816562001653417148_n.jpg 2048w\" sizes=\"auto, (max-width: 300px) 100vw, 300px\" \/><\/p>\n<p><img loading=\"lazy\" decoding=\"async\" class=\"alignnone size-medium wp-image-1787\" src=\"http:\/\/fajnaszkola.eu\/wp-content\/uploads\/2023\/04\/337360930_590021186517005_7516472173852595847_n-300x169.jpg\" alt=\"\" width=\"300\" height=\"169\" srcset=\"http:\/\/fajnaszkola.eu\/wp-content\/uploads\/2023\/04\/337360930_590021186517005_7516472173852595847_n-300x169.jpg 300w, http:\/\/fajnaszkola.eu\/wp-content\/uploads\/2023\/04\/337360930_590021186517005_7516472173852595847_n-1024x577.jpg 1024w, http:\/\/fajnaszkola.eu\/wp-content\/uploads\/2023\/04\/337360930_590021186517005_7516472173852595847_n-768x432.jpg 768w, http:\/\/fajnaszkola.eu\/wp-content\/uploads\/2023\/04\/337360930_590021186517005_7516472173852595847_n-1536x865.jpg 1536w, http:\/\/fajnaszkola.eu\/wp-content\/uploads\/2023\/04\/337360930_590021186517005_7516472173852595847_n.jpg 2048w\" sizes=\"auto, (max-width: 300px) 100vw, 300px\" \/><\/p>\n","protected":false},"excerpt":{"rendered":"<p>21 marca to wyj\u0105tkowa data w kalendarzu roku szkolnego. Uczniowie klas I-VIII po\u017cegnali zim\u0119 i przywitali wiosn\u0119. Czekali na ten dzie\u0144 z niecierpliwo\u015bci\u0105, bo wiedz\u0105, \u017ce w tradycji szko\u0142y Pierwszy Dzie\u0144 Wiosny obchodzi si\u0119 w niecodzienny spos\u00f3b. Tego dnia ka\u017cda &hellip; <\/p>\n","protected":false},"author":1,"featured_media":1786,"comment_status":"closed","ping_status":"closed","sticky":false,"template":"","format":"standard","meta":{"_exactmetrics_skip_tracking":false,"_exactmetrics_sitenote_active":false,"_exactmetrics_sitenote_note":"","_exactmetrics_sitenote_category":0,"footnotes":""},"categories":[1],"tags":[],"class_list":["post-1785","post","type-post","status-publish","format-standard","has-post-thumbnail","hentry","category-bez-kategorii"],"_links":{"self":[{"href":"http:\/\/fajnaszkola.eu\/index.php\/wp-json\/wp\/v2\/posts\/1785","targetHints":{"allow":["GET"]}}],"collection":[{"href":"http:\/\/fajnaszkola.eu\/index.php\/wp-json\/wp\/v2\/posts"}],"about":[{"href":"http:\/\/fajnaszkola.eu\/index.php\/wp-json\/wp\/v2\/types\/post"}],"author":[{"embeddable":true,"href":"http:\/\/fajnaszkola.eu\/index.php\/wp-json\/wp\/v2\/users\/1"}],"replies":[{"embeddable":true,"href":"http:\/\/fajnaszkola.eu\/index.php\/wp-json\/wp\/v2\/comments?post=1785"}],"version-history":[{"count":2,"href":"http:\/\/fajnaszkola.eu\/index.php\/wp-json\/wp\/v2\/posts\/1785\/revisions"}],"predecessor-version":[{"id":1791,"href":"http:\/\/fajnaszkola.eu\/index.php\/wp-json\/wp\/v2\/posts\/1785\/revisions\/1791"}],"wp:featuredmedia":[{"embeddable":true,"href":"http:\/\/fajnaszkola.eu\/index.php\/wp-json\/wp\/v2\/media\/1786"}],"wp:attachment":[{"href":"http:\/\/fajnaszkola.eu\/index.php\/wp-json\/wp\/v2\/media?parent=1785"}],"wp:term":[{"taxonomy":"category","embeddable":true,"href":"http:\/\/fajnaszkola.eu\/index.php\/wp-json\/wp\/v2\/categories?post=1785"},{"taxonomy":"post_tag","embeddable":true,"href":"http:\/\/fajnaszkola.eu\/index.php\/wp-json\/wp\/v2\/tags?post=1785"}],"curies":[{"name":"wp","href":"https:\/\/api.w.org\/{rel}","templated":true}]}}