{"id":1934,"date":"2024-05-10T21:58:12","date_gmt":"2024-05-10T19:58:12","guid":{"rendered":"https:\/\/fajnaszkola.eu\/?p=1934"},"modified":"2024-06-12T22:02:46","modified_gmt":"2024-06-12T20:02:46","slug":"spotkanie-z-leszkiem-jaskiewiczem","status":"publish","type":"post","link":"http:\/\/fajnaszkola.eu\/index.php\/2024\/05\/10\/spotkanie-z-leszkiem-jaskiewiczem\/","title":{"rendered":"SPOTKANIE Z LESZKIEM JA\u015aKIEWICZEM"},"content":{"rendered":"<div dir=\"auto\">Leszek Ja\u015bkiewicz &#8211; zawodowy kolarz, Mistrz Polski w maratonie MTB 2023 by\u0142 dzisiaj go\u015bciem naszej szko\u0142y i poprowadzi\u0142 prelekcje z uczniami klasy VII i VIII.<\/div>\n<div dir=\"auto\">Leszek Ja\u015bkiewicz jest m\u0142odym sportowcem pochodz\u0105cym z Polanicy- Zdroju. Startuje regularnie w MTB XCO, w formule olimpijskiej kolarstwa g\u00f3rskiego w zawodach og\u00f3lnopolskich, jak i mi\u0119dzynarodowych.<\/div>\n<div dir=\"auto\">Na co dzie\u0144 \u0142\u0105czy sport z nauk\u0105 i walczy z najlepszymi zawodnikami kat. Elita i Orlik z ca\u0142ego \u015bwiata. Od 2022 roku jest cz\u0142onkiem polskiej kadry narodowej MTB.<\/div>\n<div dir=\"auto\">Leszek opowiedzia\u0142 naszej m\u0142odzie\u017cy na czym polega zawodowe kolarstwo, jak wygl\u0105daj\u0105 treningi, wy\u015bcigi, dieta sportowca. Mistrz Polski Prezentowa\u0142 r\u00f3wnie\u017c swoje rowery i profesjonalny ubi\u00f3r.<\/div>\n<div dir=\"auto\">Po tej wyczerpuj\u0105cej relacji przyszed\u0142 czas na zadawanie pyta\u0144 przez uczni\u00f3w.<\/div>\n<div dir=\"auto\">Na koniec nie zabrak\u0142o ch\u0119tnych os\u00f3b do wsp\u00f3lnego zdj\u0119cia.<\/div>\n<div dir=\"auto\">Prezentuj\u0105c sw\u00f3j dorobek zawodowy Leszek udowodni\u0142 naszym Uczniom, \u017ce na marzeniach nie mo\u017cna poprzesta\u0107, lecz trzeba je zamienia\u0107 na cele. Drog\u0105 do ich realizacji musz\u0105 by\u0107 \u015bwiadome plany oraz systematyczna, wytrwa\u0142a i ci\u0119\u017cka praca.<\/div>\n<div dir=\"auto\">Agnieszka Nowak<\/div>\n","protected":false},"excerpt":{"rendered":"<p>Leszek Ja\u015bkiewicz &#8211; zawodowy kolarz, Mistrz Polski w maratonie MTB 2023 by\u0142 dzisiaj go\u015bciem naszej szko\u0142y i poprowadzi\u0142 prelekcje z uczniami klasy VII i VIII. Leszek Ja\u015bkiewicz jest m\u0142odym sportowcem pochodz\u0105cym z Polanicy- Zdroju. Startuje regularnie w MTB XCO, w &hellip; <\/p>\n","protected":false},"author":1,"featured_media":1935,"comment_status":"closed","ping_status":"closed","sticky":false,"template":"","format":"standard","meta":{"_exactmetrics_skip_tracking":false,"_exactmetrics_sitenote_active":false,"_exactmetrics_sitenote_note":"","_exactmetrics_sitenote_category":0,"footnotes":""},"categories":[1],"tags":[],"class_list":["post-1934","post","type-post","status-publish","format-standard","has-post-thumbnail","hentry","category-bez-kategorii"],"_links":{"self":[{"href":"http:\/\/fajnaszkola.eu\/index.php\/wp-json\/wp\/v2\/posts\/1934","targetHints":{"allow":["GET"]}}],"collection":[{"href":"http:\/\/fajnaszkola.eu\/index.php\/wp-json\/wp\/v2\/posts"}],"about":[{"href":"http:\/\/fajnaszkola.eu\/index.php\/wp-json\/wp\/v2\/types\/post"}],"author":[{"embeddable":true,"href":"http:\/\/fajnaszkola.eu\/index.php\/wp-json\/wp\/v2\/users\/1"}],"replies":[{"embeddable":true,"href":"http:\/\/fajnaszkola.eu\/index.php\/wp-json\/wp\/v2\/comments?post=1934"}],"version-history":[{"count":1,"href":"http:\/\/fajnaszkola.eu\/index.php\/wp-json\/wp\/v2\/posts\/1934\/revisions"}],"predecessor-version":[{"id":1936,"href":"http:\/\/fajnaszkola.eu\/index.php\/wp-json\/wp\/v2\/posts\/1934\/revisions\/1936"}],"wp:featuredmedia":[{"embeddable":true,"href":"http:\/\/fajnaszkola.eu\/index.php\/wp-json\/wp\/v2\/media\/1935"}],"wp:attachment":[{"href":"http:\/\/fajnaszkola.eu\/index.php\/wp-json\/wp\/v2\/media?parent=1934"}],"wp:term":[{"taxonomy":"category","embeddable":true,"href":"http:\/\/fajnaszkola.eu\/index.php\/wp-json\/wp\/v2\/categories?post=1934"},{"taxonomy":"post_tag","embeddable":true,"href":"http:\/\/fajnaszkola.eu\/index.php\/wp-json\/wp\/v2\/tags?post=1934"}],"curies":[{"name":"wp","href":"https:\/\/api.w.org\/{rel}","templated":true}]}}