{"id":1937,"date":"2024-05-24T22:07:58","date_gmt":"2024-05-24T20:07:58","guid":{"rendered":"https:\/\/fajnaszkola.eu\/?p=1937"},"modified":"2024-06-12T22:13:44","modified_gmt":"2024-06-12T20:13:44","slug":"wybory-do-mlodziezowej-rady","status":"publish","type":"post","link":"http:\/\/fajnaszkola.eu\/index.php\/2024\/05\/24\/wybory-do-mlodziezowej-rady\/","title":{"rendered":"WYBORY DO M\u0141ODZIE\u017bOWEJ RADY"},"content":{"rendered":"<p>24 maja odby\u0142y si\u0119 w naszej szkole wybory do M\u0142odzie\u017cowej Rady Miejskiej w Z\u0105bkowicach \u015al\u0105skich. Uczniowie w demokratycznych wyborach zdecydowali, kto b\u0119dzie ich reprezentowa\u0142 na forum gminy i wraz z uczniami innych szk\u00f3\u0142 wsp\u00f3\u0142decydowa\u0142 o sprawach wa\u017cnych dla edukacji. Spo\u015br\u00f3d dw\u00f3jki kandydat\u00f3w najwi\u0119cej g\u0142os\u00f3w zdoby\u0142 Ksawery Cisak, ucze\u0144 klasy 7 i tym samym zosta\u0142 reprezentantem Szko\u0142y. Ignatowi gratulujemy odwagi w podj\u0119ciu wyzwania, a Ksaweremu \u017cyczymy wielu sukces\u00f3w i rado\u015bci z pe\u0142nienia swojej funkcji.<\/p>\n","protected":false},"excerpt":{"rendered":"<p>24 maja odby\u0142y si\u0119 w naszej szkole wybory do M\u0142odzie\u017cowej Rady Miejskiej w Z\u0105bkowicach \u015al\u0105skich. Uczniowie w demokratycznych wyborach zdecydowali, kto b\u0119dzie ich reprezentowa\u0142 na forum gminy i wraz z uczniami innych szk\u00f3\u0142 wsp\u00f3\u0142decydowa\u0142 o sprawach wa\u017cnych dla edukacji. Spo\u015br\u00f3d &hellip; <\/p>\n","protected":false},"author":1,"featured_media":1938,"comment_status":"closed","ping_status":"closed","sticky":false,"template":"","format":"standard","meta":{"_exactmetrics_skip_tracking":false,"_exactmetrics_sitenote_active":false,"_exactmetrics_sitenote_note":"","_exactmetrics_sitenote_category":0,"footnotes":""},"categories":[1],"tags":[],"class_list":["post-1937","post","type-post","status-publish","format-standard","has-post-thumbnail","hentry","category-bez-kategorii"],"_links":{"self":[{"href":"http:\/\/fajnaszkola.eu\/index.php\/wp-json\/wp\/v2\/posts\/1937","targetHints":{"allow":["GET"]}}],"collection":[{"href":"http:\/\/fajnaszkola.eu\/index.php\/wp-json\/wp\/v2\/posts"}],"about":[{"href":"http:\/\/fajnaszkola.eu\/index.php\/wp-json\/wp\/v2\/types\/post"}],"author":[{"embeddable":true,"href":"http:\/\/fajnaszkola.eu\/index.php\/wp-json\/wp\/v2\/users\/1"}],"replies":[{"embeddable":true,"href":"http:\/\/fajnaszkola.eu\/index.php\/wp-json\/wp\/v2\/comments?post=1937"}],"version-history":[{"count":1,"href":"http:\/\/fajnaszkola.eu\/index.php\/wp-json\/wp\/v2\/posts\/1937\/revisions"}],"predecessor-version":[{"id":1939,"href":"http:\/\/fajnaszkola.eu\/index.php\/wp-json\/wp\/v2\/posts\/1937\/revisions\/1939"}],"wp:featuredmedia":[{"embeddable":true,"href":"http:\/\/fajnaszkola.eu\/index.php\/wp-json\/wp\/v2\/media\/1938"}],"wp:attachment":[{"href":"http:\/\/fajnaszkola.eu\/index.php\/wp-json\/wp\/v2\/media?parent=1937"}],"wp:term":[{"taxonomy":"category","embeddable":true,"href":"http:\/\/fajnaszkola.eu\/index.php\/wp-json\/wp\/v2\/categories?post=1937"},{"taxonomy":"post_tag","embeddable":true,"href":"http:\/\/fajnaszkola.eu\/index.php\/wp-json\/wp\/v2\/tags?post=1937"}],"curies":[{"name":"wp","href":"https:\/\/api.w.org\/{rel}","templated":true}]}}