{"id":1945,"date":"2024-06-14T08:30:34","date_gmt":"2024-06-14T06:30:34","guid":{"rendered":"https:\/\/fajnaszkola.eu\/?p=1945"},"modified":"2024-06-14T08:30:34","modified_gmt":"2024-06-14T06:30:34","slug":"razem-latwiej-program-profilaktyki-zdrowotnej","status":"publish","type":"post","link":"http:\/\/fajnaszkola.eu\/index.php\/2024\/06\/14\/razem-latwiej-program-profilaktyki-zdrowotnej\/","title":{"rendered":"RAZEM \u0141ATWIEJ\u201d PROGRAM PROFILAKTYKI ZDROWOTNEJ."},"content":{"rendered":"<p><span style=\"color: #000000;\"><span style=\"font-family: Cambria, serif;\"><span style=\"font-size: medium;\">Nasza szko\u0142a przyst\u0105pi\u0142a do programu w zakresie profilaktyki zaburze\u0144 psychicznych, w tym depresji oraz zapobiegania samob\u00f3jstwom dla dzieci i m\u0142odzie\u017cy na terenie wojew\u00f3dztwa dolno\u015bl\u0105skiego. <\/span><\/span><\/span><\/p>\n<p><span style=\"color: #000000;\"><span style=\"font-family: Cambria, serif;\"><span style=\"font-size: medium;\">Program skierowany jest do dzieci i m\u0142odzie\u017cy w wieku 10-19 lat, kt\u00f3re do\u015bwiadczaj\u0105 smutku, samotno\u015bci lub s\u0105 w kryzysie. Ze wsparcia skorzystaj\u0105 tak\u017ce rodzice i opiekunowie dzieci, kt\u00f3re tej pomocy potrzebuj\u0105.<\/span><\/span><\/span><\/p>\n<p><span style=\"color: #000000;\"><span style=\"font-family: Cambria, serif;\"><span style=\"font-size: medium;\">W ramach projektu wykwalifikowany zesp\u00f3\u0142 specjalist\u00f3w w dziedzinie psychologii i terapii, b\u0119d\u0105 wsp\u00f3\u0142pracowa\u0107 ze szko\u0142ami podstawowymi i ponadpodstawowymi w celu wczesnej identyfikacji i pomocy.<\/span><\/span><\/span><\/p>\n<p><span style=\"color: #000000;\"><span style=\"font-family: Cambria, serif;\"><span style=\"font-size: medium;\">Uruchomiony zosta\u0142 specjalny numeru telefonu do rejestracji uczestnik\u00f3w programu, na kt\u00f3ry mog\u0105 dzwoni\u0107 pracownicy szko\u0142y, rodzice zaniepokojeni zachowaniem swoich dzieci, a tak\u017ce m\u0142odzie\u017c szukaj\u0105ca pomocy.<\/span><\/span><\/span><\/p>\n<p align=\"center\"><span style=\"font-family: Times New Roman, serif;\"><span style=\"font-size: medium;\"><b><span style=\"color: #000000;\"><span style=\"font-family: Cambria, serif;\">BEZP\u0141ATNY NUMER TELEFONU: +48 800 805\u00a0600<\/span><\/span><\/b><\/span><\/span><\/p>\n<p><span style=\"color: #000000;\">\u00a0<\/span><\/p>\n<p><span style=\"color: #000000;\"><span style=\"font-family: Cambria, serif;\"><span style=\"font-size: medium;\">Podczas rozmowy telefonicznej, wykwalifikowany pracownik infolinii przeprowadzi triage diagnostyczny, kt\u00f3ry b\u0119dzie ocenia\u0142 potrzeby pacjenta oraz okre\u015bla\u0142 dalsz\u0105 \u015bcie\u017ck\u0119 pomocy.<\/span><\/span><\/span><\/p>\n","protected":false},"excerpt":{"rendered":"<p>Nasza szko\u0142a przyst\u0105pi\u0142a do programu w zakresie profilaktyki zaburze\u0144 psychicznych, w tym depresji oraz zapobiegania samob\u00f3jstwom dla dzieci i m\u0142odzie\u017cy na terenie wojew\u00f3dztwa dolno\u015bl\u0105skiego. Program skierowany jest do dzieci i m\u0142odzie\u017cy w wieku 10-19 lat, kt\u00f3re do\u015bwiadczaj\u0105 smutku, samotno\u015bci lub &hellip; <\/p>\n","protected":false},"author":1,"featured_media":1946,"comment_status":"closed","ping_status":"closed","sticky":false,"template":"","format":"standard","meta":{"_exactmetrics_skip_tracking":false,"_exactmetrics_sitenote_active":false,"_exactmetrics_sitenote_note":"","_exactmetrics_sitenote_category":0,"footnotes":""},"categories":[1],"tags":[],"class_list":["post-1945","post","type-post","status-publish","format-standard","has-post-thumbnail","hentry","category-bez-kategorii"],"_links":{"self":[{"href":"http:\/\/fajnaszkola.eu\/index.php\/wp-json\/wp\/v2\/posts\/1945","targetHints":{"allow":["GET"]}}],"collection":[{"href":"http:\/\/fajnaszkola.eu\/index.php\/wp-json\/wp\/v2\/posts"}],"about":[{"href":"http:\/\/fajnaszkola.eu\/index.php\/wp-json\/wp\/v2\/types\/post"}],"author":[{"embeddable":true,"href":"http:\/\/fajnaszkola.eu\/index.php\/wp-json\/wp\/v2\/users\/1"}],"replies":[{"embeddable":true,"href":"http:\/\/fajnaszkola.eu\/index.php\/wp-json\/wp\/v2\/comments?post=1945"}],"version-history":[{"count":1,"href":"http:\/\/fajnaszkola.eu\/index.php\/wp-json\/wp\/v2\/posts\/1945\/revisions"}],"predecessor-version":[{"id":1947,"href":"http:\/\/fajnaszkola.eu\/index.php\/wp-json\/wp\/v2\/posts\/1945\/revisions\/1947"}],"wp:featuredmedia":[{"embeddable":true,"href":"http:\/\/fajnaszkola.eu\/index.php\/wp-json\/wp\/v2\/media\/1946"}],"wp:attachment":[{"href":"http:\/\/fajnaszkola.eu\/index.php\/wp-json\/wp\/v2\/media?parent=1945"}],"wp:term":[{"taxonomy":"category","embeddable":true,"href":"http:\/\/fajnaszkola.eu\/index.php\/wp-json\/wp\/v2\/categories?post=1945"},{"taxonomy":"post_tag","embeddable":true,"href":"http:\/\/fajnaszkola.eu\/index.php\/wp-json\/wp\/v2\/tags?post=1945"}],"curies":[{"name":"wp","href":"https:\/\/api.w.org\/{rel}","templated":true}]}}