{"id":1961,"date":"2024-10-04T14:46:19","date_gmt":"2024-10-04T12:46:19","guid":{"rendered":"https:\/\/fajnaszkola.eu\/?p=1961"},"modified":"2024-10-07T08:25:45","modified_gmt":"2024-10-07T06:25:45","slug":"slubowanie-3","status":"publish","type":"post","link":"http:\/\/fajnaszkola.eu\/index.php\/2024\/10\/04\/slubowanie-3\/","title":{"rendered":"\u015aLUBOWANIE"},"content":{"rendered":"<p>Dnia 4 pa\u017adziernika w Szkole Podstawowej nr 1 odby\u0142o si\u0119 uroczyste \u015blubowanie klasy pierwszej. Uczniowie, w obecno\u015bci dyrektora szko\u0142y Andrzeja Pop\u0142awskiego oraz zaproszonego go\u015bcia \u2013 Ewy Figza\u0142, Kierownika Wydzia\u0142u Edukacji i Spraw Spo\u0142ecznych, z\u0142o\u017cyli przyrzeczenie na sztandar szko\u0142y, zobowi\u0105zuj\u0105c si\u0119 do pilnej nauki, szacunku wobec nauczycieli i koleg\u00f3w oraz dbania o dobre imi\u0119 szko\u0142y. Wydarzenie by\u0142o pe\u0142ne emocji i dumy, zar\u00f3wno dla uczni\u00f3w, jak i ich rodzic\u00f3w. Dyrektor oraz Pani Ewa Figza\u0142 gratulowali pierwszoklasistom, \u017cycz\u0105c im sukces\u00f3w na nowej drodze edukacyjnej.<\/p>\n","protected":false},"excerpt":{"rendered":"<p>Dnia 4 pa\u017adziernika w Szkole Podstawowej nr 1 odby\u0142o si\u0119 uroczyste \u015blubowanie klasy pierwszej. Uczniowie, w obecno\u015bci dyrektora szko\u0142y Andrzeja Pop\u0142awskiego oraz zaproszonego go\u015bcia \u2013 Ewy Figza\u0142, Kierownika Wydzia\u0142u Edukacji i Spraw Spo\u0142ecznych, z\u0142o\u017cyli przyrzeczenie na sztandar szko\u0142y, zobowi\u0105zuj\u0105c si\u0119 &hellip; <\/p>\n","protected":false},"author":1,"featured_media":1963,"comment_status":"closed","ping_status":"closed","sticky":false,"template":"","format":"standard","meta":{"_exactmetrics_skip_tracking":false,"_exactmetrics_sitenote_active":false,"_exactmetrics_sitenote_note":"","_exactmetrics_sitenote_category":0,"footnotes":""},"categories":[1],"tags":[],"class_list":["post-1961","post","type-post","status-publish","format-standard","has-post-thumbnail","hentry","category-bez-kategorii"],"_links":{"self":[{"href":"http:\/\/fajnaszkola.eu\/index.php\/wp-json\/wp\/v2\/posts\/1961","targetHints":{"allow":["GET"]}}],"collection":[{"href":"http:\/\/fajnaszkola.eu\/index.php\/wp-json\/wp\/v2\/posts"}],"about":[{"href":"http:\/\/fajnaszkola.eu\/index.php\/wp-json\/wp\/v2\/types\/post"}],"author":[{"embeddable":true,"href":"http:\/\/fajnaszkola.eu\/index.php\/wp-json\/wp\/v2\/users\/1"}],"replies":[{"embeddable":true,"href":"http:\/\/fajnaszkola.eu\/index.php\/wp-json\/wp\/v2\/comments?post=1961"}],"version-history":[{"count":1,"href":"http:\/\/fajnaszkola.eu\/index.php\/wp-json\/wp\/v2\/posts\/1961\/revisions"}],"predecessor-version":[{"id":1962,"href":"http:\/\/fajnaszkola.eu\/index.php\/wp-json\/wp\/v2\/posts\/1961\/revisions\/1962"}],"wp:featuredmedia":[{"embeddable":true,"href":"http:\/\/fajnaszkola.eu\/index.php\/wp-json\/wp\/v2\/media\/1963"}],"wp:attachment":[{"href":"http:\/\/fajnaszkola.eu\/index.php\/wp-json\/wp\/v2\/media?parent=1961"}],"wp:term":[{"taxonomy":"category","embeddable":true,"href":"http:\/\/fajnaszkola.eu\/index.php\/wp-json\/wp\/v2\/categories?post=1961"},{"taxonomy":"post_tag","embeddable":true,"href":"http:\/\/fajnaszkola.eu\/index.php\/wp-json\/wp\/v2\/tags?post=1961"}],"curies":[{"name":"wp","href":"https:\/\/api.w.org\/{rel}","templated":true}]}}