{"id":1966,"date":"2024-10-11T05:54:04","date_gmt":"2024-10-11T03:54:04","guid":{"rendered":"https:\/\/fajnaszkola.eu\/?p=1966"},"modified":"2024-11-09T06:02:17","modified_gmt":"2024-11-09T05:02:17","slug":"dzien-edukacji-narodowej-8","status":"publish","type":"post","link":"http:\/\/fajnaszkola.eu\/index.php\/2024\/10\/11\/dzien-edukacji-narodowej-8\/","title":{"rendered":"DZIE\u0143 EDUKACJI NARODOWEJ"},"content":{"rendered":"<p>Dzie\u0144 Edukacji Narodowej to wyj\u0105tkowe \u015bwi\u0119to, podczas kt\u00f3rego uroczy\u015bcie dzi\u0119kujemy nauczycielom i pracownikom o\u015bwiaty za ich zaanga\u017cowanie, pasj\u0119 i wk\u0142ad w rozw\u00f3j edukacji. W trakcie tegorocznych obchod\u00f3w, kt\u00f3re odby\u0142y si\u0119 w naszej szkole 11.10., przyznane zosta\u0142y nagrody Dyrektora oraz Burmistrza. Ta najwa\u017cniejsza trafi\u0142a w tym roku szkolnym w r\u0119ce Pani Justyny Zab\u0142ockiej. Wyr\u00f3\u017cnienia s\u0105 wyrazem uznania za szczeg\u00f3lne osi\u0105gni\u0119cia dydaktyczne i wychowawcze, a tak\u017ce za wyj\u0105tkowy wk\u0142ad w rozw\u00f3j spo\u0142eczno\u015bci szkolnej. Gratulujemy wszystkim nagrodzonym i dzi\u0119kujemy za codzienn\u0105 prac\u0119 na rzecz przysz\u0142ych pokole\u0144!<\/p>\n","protected":false},"excerpt":{"rendered":"<p>Dzie\u0144 Edukacji Narodowej to wyj\u0105tkowe \u015bwi\u0119to, podczas kt\u00f3rego uroczy\u015bcie dzi\u0119kujemy nauczycielom i pracownikom o\u015bwiaty za ich zaanga\u017cowanie, pasj\u0119 i wk\u0142ad w rozw\u00f3j edukacji. W trakcie tegorocznych obchod\u00f3w, kt\u00f3re odby\u0142y si\u0119 w naszej szkole 11.10., przyznane zosta\u0142y nagrody Dyrektora oraz Burmistrza. &hellip; <\/p>\n","protected":false},"author":1,"featured_media":1967,"comment_status":"closed","ping_status":"closed","sticky":false,"template":"","format":"standard","meta":{"_exactmetrics_skip_tracking":false,"_exactmetrics_sitenote_active":false,"_exactmetrics_sitenote_note":"","_exactmetrics_sitenote_category":0,"footnotes":""},"categories":[1],"tags":[],"class_list":["post-1966","post","type-post","status-publish","format-standard","has-post-thumbnail","hentry","category-bez-kategorii"],"_links":{"self":[{"href":"http:\/\/fajnaszkola.eu\/index.php\/wp-json\/wp\/v2\/posts\/1966","targetHints":{"allow":["GET"]}}],"collection":[{"href":"http:\/\/fajnaszkola.eu\/index.php\/wp-json\/wp\/v2\/posts"}],"about":[{"href":"http:\/\/fajnaszkola.eu\/index.php\/wp-json\/wp\/v2\/types\/post"}],"author":[{"embeddable":true,"href":"http:\/\/fajnaszkola.eu\/index.php\/wp-json\/wp\/v2\/users\/1"}],"replies":[{"embeddable":true,"href":"http:\/\/fajnaszkola.eu\/index.php\/wp-json\/wp\/v2\/comments?post=1966"}],"version-history":[{"count":1,"href":"http:\/\/fajnaszkola.eu\/index.php\/wp-json\/wp\/v2\/posts\/1966\/revisions"}],"predecessor-version":[{"id":1968,"href":"http:\/\/fajnaszkola.eu\/index.php\/wp-json\/wp\/v2\/posts\/1966\/revisions\/1968"}],"wp:featuredmedia":[{"embeddable":true,"href":"http:\/\/fajnaszkola.eu\/index.php\/wp-json\/wp\/v2\/media\/1967"}],"wp:attachment":[{"href":"http:\/\/fajnaszkola.eu\/index.php\/wp-json\/wp\/v2\/media?parent=1966"}],"wp:term":[{"taxonomy":"category","embeddable":true,"href":"http:\/\/fajnaszkola.eu\/index.php\/wp-json\/wp\/v2\/categories?post=1966"},{"taxonomy":"post_tag","embeddable":true,"href":"http:\/\/fajnaszkola.eu\/index.php\/wp-json\/wp\/v2\/tags?post=1966"}],"curies":[{"name":"wp","href":"https:\/\/api.w.org\/{rel}","templated":true}]}}