{"id":1970,"date":"2024-11-08T06:23:51","date_gmt":"2024-11-08T05:23:51","guid":{"rendered":"https:\/\/fajnaszkola.eu\/?p=1970"},"modified":"2024-11-09T06:25:34","modified_gmt":"2024-11-09T05:25:34","slug":"dzien-niepodleglosci","status":"publish","type":"post","link":"http:\/\/fajnaszkola.eu\/index.php\/2024\/11\/08\/dzien-niepodleglosci\/","title":{"rendered":"DZIE\u0143 NIEPODLEG\u0141O\u015aCI"},"content":{"rendered":"<div>Dzi\u015b, 8 listopada, w naszej szkole odby\u0142 si\u0119 uroczysty apel z okazji 106. rocznicy odzyskania przez Polsk\u0119 niepodleg\u0142o\u015bci. By\u0142 to wyj\u0105tkowy moment refleksji nad histori\u0105 i warto\u015bciami, kt\u00f3re kszta\u0142tuj\u0105 nasz\u0105 to\u017csamo\u015b\u0107 narodow\u0105. Uczniowie klasy 7a i 8a, pod okiem Wychowawczy\u0144 &#8211; p. Ewy Bry\u0142y i p. Violetty Przygodzkiej-Czerniec, przygotowali wzruszaj\u0105cy program artystyczny, kt\u00f3ry poprzez wiersze, pie\u015bni patriotyczne i inscenizacje przypomnia\u0142 o trudnych chwilach walki o wolno\u015b\u0107 i niepodleg\u0142o\u015b\u0107 naszej ojczyzny.<\/div>\n<div><\/div>\n<div>Dzi\u0119kujemy uczniom i nauczycielom za zaanga\u017cowanie w przygotowanie tego wydarzenia oraz wszystkim uczestnikom za pami\u0119\u0107 o tych, kt\u00f3rzy walczyli o woln\u0105 Polsk\u0119.<\/div>\n","protected":false},"excerpt":{"rendered":"<p>Dzi\u015b, 8 listopada, w naszej szkole odby\u0142 si\u0119 uroczysty apel z okazji 106. rocznicy odzyskania przez Polsk\u0119 niepodleg\u0142o\u015bci. By\u0142 to wyj\u0105tkowy moment refleksji nad histori\u0105 i warto\u015bciami, kt\u00f3re kszta\u0142tuj\u0105 nasz\u0105 to\u017csamo\u015b\u0107 narodow\u0105. Uczniowie klasy 7a i 8a, pod okiem Wychowawczy\u0144 &hellip; <\/p>\n","protected":false},"author":1,"featured_media":1971,"comment_status":"closed","ping_status":"closed","sticky":false,"template":"","format":"standard","meta":{"_exactmetrics_skip_tracking":false,"_exactmetrics_sitenote_active":false,"_exactmetrics_sitenote_note":"","_exactmetrics_sitenote_category":0,"footnotes":""},"categories":[1],"tags":[],"class_list":["post-1970","post","type-post","status-publish","format-standard","has-post-thumbnail","hentry","category-bez-kategorii"],"_links":{"self":[{"href":"http:\/\/fajnaszkola.eu\/index.php\/wp-json\/wp\/v2\/posts\/1970","targetHints":{"allow":["GET"]}}],"collection":[{"href":"http:\/\/fajnaszkola.eu\/index.php\/wp-json\/wp\/v2\/posts"}],"about":[{"href":"http:\/\/fajnaszkola.eu\/index.php\/wp-json\/wp\/v2\/types\/post"}],"author":[{"embeddable":true,"href":"http:\/\/fajnaszkola.eu\/index.php\/wp-json\/wp\/v2\/users\/1"}],"replies":[{"embeddable":true,"href":"http:\/\/fajnaszkola.eu\/index.php\/wp-json\/wp\/v2\/comments?post=1970"}],"version-history":[{"count":1,"href":"http:\/\/fajnaszkola.eu\/index.php\/wp-json\/wp\/v2\/posts\/1970\/revisions"}],"predecessor-version":[{"id":1972,"href":"http:\/\/fajnaszkola.eu\/index.php\/wp-json\/wp\/v2\/posts\/1970\/revisions\/1972"}],"wp:featuredmedia":[{"embeddable":true,"href":"http:\/\/fajnaszkola.eu\/index.php\/wp-json\/wp\/v2\/media\/1971"}],"wp:attachment":[{"href":"http:\/\/fajnaszkola.eu\/index.php\/wp-json\/wp\/v2\/media?parent=1970"}],"wp:term":[{"taxonomy":"category","embeddable":true,"href":"http:\/\/fajnaszkola.eu\/index.php\/wp-json\/wp\/v2\/categories?post=1970"},{"taxonomy":"post_tag","embeddable":true,"href":"http:\/\/fajnaszkola.eu\/index.php\/wp-json\/wp\/v2\/tags?post=1970"}],"curies":[{"name":"wp","href":"https:\/\/api.w.org\/{rel}","templated":true}]}}