{"id":1985,"date":"2024-12-20T20:29:00","date_gmt":"2024-12-20T19:29:00","guid":{"rendered":"https:\/\/fajnaszkola.eu\/?p=1985"},"modified":"2025-03-03T20:35:30","modified_gmt":"2025-03-03T19:35:30","slug":"wigilia-w-domu-pomocy-spolecznej","status":"publish","type":"post","link":"http:\/\/fajnaszkola.eu\/index.php\/2024\/12\/20\/wigilia-w-domu-pomocy-spolecznej\/","title":{"rendered":"WIZYTA W DOMU POMOCY SPO\u0141ECZNEJ"},"content":{"rendered":"<div class=\"x11i5rnm xat24cr x1mh8g0r x1vvkbs xtlvy1s x126k92a\">\n<div dir=\"auto\">Dzi\u015b uczniowie Szkolnego Ko\u0142a Wolontariatu RAZEM MO\u017bEMY WI\u0118CEJ mieli okazj\u0119 uczestniczy\u0107 w wyj\u0105tkowych warsztatach \u015bwi\u0105tecznych w Domu Pomocy Spo\u0142ecznej w Z\u0105bkowicach \u015al\u0105skich. <span class=\"html-span xexx8yu x4uap5 x18d9i69 xkhd6sd x1hl2dhg x16tdsg8 x1vvkbs x3nfvp2 x1j61x8r x1fcty0u xdj266r xat24cr xgzva0m xhhsvwb xxymvpz xlup9mm x1kky2od\"><img loading=\"lazy\" decoding=\"async\" class=\"xz74otr\" src=\"https:\/\/static.xx.fbcdn.net\/images\/emoji.php\/v9\/t7\/1\/16\/1f384.png\" alt=\"&#x1f384;\" width=\"16\" height=\"16\" \/><\/span> Wsp\u00f3lnie z mieszka\u0144cami wykonali\u015bmy pi\u0119kne ozdoby, a tak\u017ce udekorowali\u015bmy choink\u0119, kt\u00f3ra teraz cieszy oczy i wprowadza nas wszystkich w \u015bwi\u0105teczny nastr\u00f3j. <span class=\"html-span xexx8yu x4uap5 x18d9i69 xkhd6sd x1hl2dhg x16tdsg8 x1vvkbs x3nfvp2 x1j61x8r x1fcty0u xdj266r xat24cr xgzva0m xhhsvwb xxymvpz xlup9mm x1kky2od\"><img loading=\"lazy\" decoding=\"async\" class=\"xz74otr\" src=\"https:\/\/static.xx.fbcdn.net\/images\/emoji.php\/v9\/tf4\/1\/16\/2728.png\" alt=\"&#x2728;\" width=\"16\" height=\"16\" \/><\/span><\/div>\n<\/div>\n<div class=\"x11i5rnm xat24cr x1mh8g0r x1vvkbs xtlvy1s x126k92a\">\n<div dir=\"auto\">Serdeczne podzi\u0119kowania dla pani Ani i pana Tomka za stworzenie przemi\u0142ej atmosfery i wsparcie podczas warsztat\u00f3w! <span class=\"html-span xexx8yu x4uap5 x18d9i69 xkhd6sd x1hl2dhg x16tdsg8 x1vvkbs x3nfvp2 x1j61x8r x1fcty0u xdj266r xat24cr xgzva0m xhhsvwb xxymvpz xlup9mm x1kky2od\"><img loading=\"lazy\" decoding=\"async\" class=\"xz74otr\" src=\"https:\/\/static.xx.fbcdn.net\/images\/emoji.php\/v9\/tea\/1\/16\/1f970.png\" alt=\"&#x1f970;\" width=\"16\" height=\"16\" \/><\/span><\/div>\n<\/div>\n<div class=\"x11i5rnm xat24cr x1mh8g0r x1vvkbs xtlvy1s x126k92a\">\n<div dir=\"auto\">Razem mo\u017cemy wi\u0119cej \u2013 i dzi\u015b udowodnili\u015bmy, \u017ce magia \u015bwi\u0105t to przede wszystkim wsp\u00f3lne dzia\u0142anie i rado\u015b\u0107, kt\u00f3r\u0105 mo\u017cemy dzieli\u0107 z innymi. <span class=\"html-span xexx8yu x4uap5 x18d9i69 xkhd6sd x1hl2dhg x16tdsg8 x1vvkbs x3nfvp2 x1j61x8r x1fcty0u xdj266r xat24cr xgzva0m xhhsvwb xxymvpz xlup9mm x1kky2od\"><img loading=\"lazy\" decoding=\"async\" class=\"xz74otr\" src=\"https:\/\/static.xx.fbcdn.net\/images\/emoji.php\/v9\/t68\/1\/16\/1f495.png\" alt=\"&#x1f495;\" width=\"16\" height=\"16\" \/><\/span><\/div>\n<\/div>\n","protected":false},"excerpt":{"rendered":"<p>Dzi\u015b uczniowie Szkolnego Ko\u0142a Wolontariatu RAZEM MO\u017bEMY WI\u0118CEJ mieli okazj\u0119 uczestniczy\u0107 w wyj\u0105tkowych warsztatach \u015bwi\u0105tecznych w Domu Pomocy Spo\u0142ecznej w Z\u0105bkowicach \u015al\u0105skich. Wsp\u00f3lnie z mieszka\u0144cami wykonali\u015bmy pi\u0119kne ozdoby, a tak\u017ce udekorowali\u015bmy choink\u0119, kt\u00f3ra teraz cieszy oczy i wprowadza nas wszystkich &hellip; <\/p>\n","protected":false},"author":1,"featured_media":1987,"comment_status":"closed","ping_status":"closed","sticky":false,"template":"","format":"standard","meta":{"_exactmetrics_skip_tracking":false,"_exactmetrics_sitenote_active":false,"_exactmetrics_sitenote_note":"","_exactmetrics_sitenote_category":0,"footnotes":""},"categories":[1],"tags":[],"class_list":["post-1985","post","type-post","status-publish","format-standard","has-post-thumbnail","hentry","category-bez-kategorii"],"_links":{"self":[{"href":"http:\/\/fajnaszkola.eu\/index.php\/wp-json\/wp\/v2\/posts\/1985","targetHints":{"allow":["GET"]}}],"collection":[{"href":"http:\/\/fajnaszkola.eu\/index.php\/wp-json\/wp\/v2\/posts"}],"about":[{"href":"http:\/\/fajnaszkola.eu\/index.php\/wp-json\/wp\/v2\/types\/post"}],"author":[{"embeddable":true,"href":"http:\/\/fajnaszkola.eu\/index.php\/wp-json\/wp\/v2\/users\/1"}],"replies":[{"embeddable":true,"href":"http:\/\/fajnaszkola.eu\/index.php\/wp-json\/wp\/v2\/comments?post=1985"}],"version-history":[{"count":2,"href":"http:\/\/fajnaszkola.eu\/index.php\/wp-json\/wp\/v2\/posts\/1985\/revisions"}],"predecessor-version":[{"id":1989,"href":"http:\/\/fajnaszkola.eu\/index.php\/wp-json\/wp\/v2\/posts\/1985\/revisions\/1989"}],"wp:featuredmedia":[{"embeddable":true,"href":"http:\/\/fajnaszkola.eu\/index.php\/wp-json\/wp\/v2\/media\/1987"}],"wp:attachment":[{"href":"http:\/\/fajnaszkola.eu\/index.php\/wp-json\/wp\/v2\/media?parent=1985"}],"wp:term":[{"taxonomy":"category","embeddable":true,"href":"http:\/\/fajnaszkola.eu\/index.php\/wp-json\/wp\/v2\/categories?post=1985"},{"taxonomy":"post_tag","embeddable":true,"href":"http:\/\/fajnaszkola.eu\/index.php\/wp-json\/wp\/v2\/tags?post=1985"}],"curies":[{"name":"wp","href":"https:\/\/api.w.org\/{rel}","templated":true}]}}