{"id":2005,"date":"2025-04-03T12:38:22","date_gmt":"2025-04-03T10:38:22","guid":{"rendered":"https:\/\/fajnaszkola.eu\/?p=2005"},"modified":"2025-04-06T12:45:08","modified_gmt":"2025-04-06T10:45:08","slug":"gala-sukcesow-2024-2025","status":"publish","type":"post","link":"http:\/\/fajnaszkola.eu\/index.php\/2025\/04\/03\/gala-sukcesow-2024-2025\/","title":{"rendered":"GALA SUKCES\u00d3W 2024\/2025"},"content":{"rendered":"<p align=\"justify\">Gala Sukces\u00f3w jest wydarzeniem, kt\u00f3re na sta\u0142e wpisa\u0142o si\u0119 w kalendarz imprez szkolnych. Tegoroczna edycja by\u0142a wielkim \u015bwi\u0119tem, podczas kt\u00f3rego Dyrektor Andrzej Pop\u0142awski wr\u0119cza\u0142 nagrody za osi\u0105gni\u0119cia naszych uczni\u00f3w w konkursach, kt\u00f3re odby\u0142y si\u0119 w pierwszym semestrze bie\u017c\u0105cego roku szkolnego. By\u0142y to m.in.<\/p>\n<ul>\n<li style=\"list-style-type: none;\">\n<ul>\n<li><\/li>\n<\/ul>\n<\/li>\n<\/ul>\n<p align=\"justify\">Gminny Konkurs Literacki \u201eMoja Opowie\u015b\u0107 Wigilijna\u201d,<\/p>\n<ul>\n<li style=\"list-style-type: none;\">\n<ul>\n<li><\/li>\n<\/ul>\n<\/li>\n<\/ul>\n<p align=\"justify\">konkurs plastyczny \u201eNiepodleg\u0142a\u201d,<\/p>\n<ul>\n<li style=\"list-style-type: none;\">\n<ul>\n<li><\/li>\n<\/ul>\n<\/li>\n<\/ul>\n<p align=\"justify\">konkurs j\u0119zyka angielskiego \u201eFilotimo\u201d,<\/p>\n<ul>\n<li style=\"list-style-type: none;\">\n<ul>\n<li><\/li>\n<\/ul>\n<\/li>\n<\/ul>\n<p align=\"justify\">konkurs plastyczny na komiks antynikotynowy,<\/p>\n<ul>\n<li style=\"list-style-type: none;\">\n<ul>\n<li><\/li>\n<\/ul>\n<\/li>\n<\/ul>\n<p align=\"justify\">konkurs recytatorski \u201ePegazik\u201d,<\/p>\n<ul>\n<li style=\"list-style-type: none;\">\n<ul>\n<li><\/li>\n<\/ul>\n<\/li>\n<\/ul>\n<p align=\"justify\">konkurs \u201eMistrz J\u0119zyka\u201d zorganizowany z okazji Mi\u0119dzynarodowego Dnia J\u0119zyka Ojczystego<\/p>\n<p align=\"justify\">i wiele innych. Nagrody pow\u0119drowa\u0142y tak\u017ce dla uczni\u00f3w, kt\u00f3rzy uzyskali bardzo dobre wyniki w nauce oraz wykazali si\u0119 wzorowym zachowaniem, a tak\u017ce brali udzia\u0142 w przedsi\u0119wzi\u0119ciach szkolnego wolontariatu.<\/p>\n<p align=\"justify\">Gala by\u0142a tak\u017ce okazj\u0105 do zaprezentowania szkolnych talent\u00f3w. Na scenie wyst\u0105pili m\u0142odzi arty\u015bci \u2013 \u015bpiewacy, tancerze i instrumentali\u015bci, kt\u00f3rzy zachwycili publiczno\u015b\u0107 swoimi umiej\u0119tno\u015bciami. Nie zabrak\u0142o r\u00f3wnie\u017c pokaz\u00f3w recytatorskich, gimnastycznych i sportowych, kt\u00f3re dostarczy\u0142y wielu wra\u017ce\u0144. Rodzice, nauczyciele i uczniowie z dum\u0105 obserwowali wyst\u0119py i gor\u0105co oklaskiwali m\u0142odych wykonawc\u00f3w.<\/p>\n<p align=\"justify\">Gala Sukces\u00f3w to jedno z najwa\u017cniejszych wydarze\u0144 w naszej szkole, kt\u00f3re pokazuje, jak wiele talent\u00f3w rozwija si\u0119 w naszych murach. To tak\u017ce doskona\u0142a motywacja dla wszystkich uczni\u00f3w do dalszej pracy i rozwijania swoich pasji. Cieszymy si\u0119, \u017ce mogli\u015bmy wsp\u00f3lnie celebrowa\u0107 te wyj\u0105tkowe chwile!<\/p>\n","protected":false},"excerpt":{"rendered":"<p>Gala Sukces\u00f3w jest wydarzeniem, kt\u00f3re na sta\u0142e wpisa\u0142o si\u0119 w kalendarz imprez szkolnych. Tegoroczna edycja by\u0142a wielkim \u015bwi\u0119tem, podczas kt\u00f3rego Dyrektor Andrzej Pop\u0142awski wr\u0119cza\u0142 nagrody za osi\u0105gni\u0119cia naszych uczni\u00f3w w konkursach, kt\u00f3re odby\u0142y si\u0119 w pierwszym semestrze bie\u017c\u0105cego roku szkolnego. &hellip; <\/p>\n","protected":false},"author":1,"featured_media":2006,"comment_status":"closed","ping_status":"closed","sticky":false,"template":"","format":"standard","meta":{"_exactmetrics_skip_tracking":false,"_exactmetrics_sitenote_active":false,"_exactmetrics_sitenote_note":"","_exactmetrics_sitenote_category":0,"footnotes":""},"categories":[1],"tags":[],"class_list":["post-2005","post","type-post","status-publish","format-standard","has-post-thumbnail","hentry","category-bez-kategorii"],"_links":{"self":[{"href":"http:\/\/fajnaszkola.eu\/index.php\/wp-json\/wp\/v2\/posts\/2005","targetHints":{"allow":["GET"]}}],"collection":[{"href":"http:\/\/fajnaszkola.eu\/index.php\/wp-json\/wp\/v2\/posts"}],"about":[{"href":"http:\/\/fajnaszkola.eu\/index.php\/wp-json\/wp\/v2\/types\/post"}],"author":[{"embeddable":true,"href":"http:\/\/fajnaszkola.eu\/index.php\/wp-json\/wp\/v2\/users\/1"}],"replies":[{"embeddable":true,"href":"http:\/\/fajnaszkola.eu\/index.php\/wp-json\/wp\/v2\/comments?post=2005"}],"version-history":[{"count":1,"href":"http:\/\/fajnaszkola.eu\/index.php\/wp-json\/wp\/v2\/posts\/2005\/revisions"}],"predecessor-version":[{"id":2007,"href":"http:\/\/fajnaszkola.eu\/index.php\/wp-json\/wp\/v2\/posts\/2005\/revisions\/2007"}],"wp:featuredmedia":[{"embeddable":true,"href":"http:\/\/fajnaszkola.eu\/index.php\/wp-json\/wp\/v2\/media\/2006"}],"wp:attachment":[{"href":"http:\/\/fajnaszkola.eu\/index.php\/wp-json\/wp\/v2\/media?parent=2005"}],"wp:term":[{"taxonomy":"category","embeddable":true,"href":"http:\/\/fajnaszkola.eu\/index.php\/wp-json\/wp\/v2\/categories?post=2005"},{"taxonomy":"post_tag","embeddable":true,"href":"http:\/\/fajnaszkola.eu\/index.php\/wp-json\/wp\/v2\/tags?post=2005"}],"curies":[{"name":"wp","href":"https:\/\/api.w.org\/{rel}","templated":true}]}}