{"id":2009,"date":"2025-05-16T09:38:30","date_gmt":"2025-05-16T07:38:30","guid":{"rendered":"https:\/\/fajnaszkola.eu\/?p=2009"},"modified":"2025-05-18T13:33:56","modified_gmt":"2025-05-18T11:33:56","slug":"letnie-polkolonie-w-sp1","status":"publish","type":"post","link":"http:\/\/fajnaszkola.eu\/index.php\/2025\/05\/16\/letnie-polkolonie-w-sp1\/","title":{"rendered":"LETNIE P\u00d3\u0141KOLONIE W SP1"},"content":{"rendered":"<p>(kliknij na READ MORE nast\u0119pnie pobierz formularz\u00a0 i wype\u0142nij)<\/p>\n<p><span class=\"x193iq5w xeuugli x13faqbe x1vvkbs x1xmvt09 x1lliihq x1s928wv xhkezso x1gmr53x x1cpjm7i x1fgarty x1943h6x xudqn12 x3x7a5m x6prxxf xvq8zen xo1l8bm xzsf02u\" dir=\"auto\">Letnie p\u00f3\u0142kolonie w SP1! <span class=\"html-span xexx8yu x4uap5 x18d9i69 xkhd6sd x1hl2dhg x16tdsg8 x1vvkbs x3nfvp2 x1j61x8r x1fcty0u xdj266r xat24cr xgzva0m xhhsvwb xxymvpz xlup9mm x1kky2od\"><img loading=\"lazy\" decoding=\"async\" class=\"xz74otr x168nmei x13lgxp2 x5pf9jr xo71vjh\" src=\"https:\/\/static.xx.fbcdn.net\/images\/emoji.php\/v9\/t8c\/1\/16\/1f389.png\" alt=\"&#x1f389;\" width=\"16\" height=\"16\" \/><\/span><br class=\"html-br\" \/>Zapisy: Formularz dost\u0119pny na stronie internetowej szko\u0142y: <a href=\"http:\/\/fajnaszkola.eu\/wp-content\/uploads\/2025\/05\/Karta-kwalifikacyjna-polkolonii-2021.doc\">formularz<\/a><br class=\"html-br\" \/><span class=\"html-span xexx8yu x4uap5 x18d9i69 xkhd6sd x1hl2dhg x16tdsg8 x1vvkbs x3nfvp2 x1j61x8r x1fcty0u xdj266r xat24cr xgzva0m xhhsvwb xxymvpz xlup9mm x1kky2od\"><img loading=\"lazy\" decoding=\"async\" class=\"xz74otr x168nmei x13lgxp2 x5pf9jr xo71vjh\" src=\"https:\/\/static.xx.fbcdn.net\/images\/emoji.php\/v9\/t7e\/1\/16\/1f4c5.png\" alt=\"&#x1f4c5;\" width=\"16\" height=\"16\" \/><\/span> Termin: 30 czerwca \u2013 11 lipca 2025<br class=\"html-br\" \/><span class=\"html-span xexx8yu x4uap5 x18d9i69 xkhd6sd x1hl2dhg x16tdsg8 x1vvkbs x3nfvp2 x1j61x8r x1fcty0u xdj266r xat24cr xgzva0m xhhsvwb xxymvpz xlup9mm x1kky2od\"><img loading=\"lazy\" decoding=\"async\" class=\"xz74otr x168nmei x13lgxp2 x5pf9jr xo71vjh\" src=\"https:\/\/static.xx.fbcdn.net\/images\/emoji.php\/v9\/t2d\/1\/16\/1f4cd.png\" alt=\"&#x1f4cd;\" width=\"16\" height=\"16\" \/><\/span> Miejsce: Szko\u0142a Podstawowa nr 1 im. Tadeusza Ko\u015bciuszki, ul. Krzywa 9, Z\u0105bkowice \u015al\u0105skie<br class=\"html-br\" \/><span class=\"html-span xexx8yu x4uap5 x18d9i69 xkhd6sd x1hl2dhg x16tdsg8 x1vvkbs x3nfvp2 x1j61x8r x1fcty0u xdj266r xat24cr xgzva0m xhhsvwb xxymvpz xlup9mm x1kky2od\"><img loading=\"lazy\" decoding=\"async\" class=\"xz74otr x168nmei x13lgxp2 x5pf9jr xo71vjh\" src=\"https:\/\/static.xx.fbcdn.net\/images\/emoji.php\/v9\/t5a\/1\/16\/1f4b0.png\" alt=\"&#x1f4b0;\" width=\"16\" height=\"16\" \/><\/span> Cena: 800 z\u0142 (w tym wy\u017cywienie)<br class=\"html-br\" \/><span class=\"html-span xexx8yu x4uap5 x18d9i69 xkhd6sd x1hl2dhg x16tdsg8 x1vvkbs x3nfvp2 x1j61x8r x1fcty0u xdj266r xat24cr xgzva0m xhhsvwb xxymvpz xlup9mm x1kky2od\"><img loading=\"lazy\" decoding=\"async\" class=\"xz74otr x168nmei x13lgxp2 x5pf9jr xo71vjh\" src=\"https:\/\/static.xx.fbcdn.net\/images\/emoji.php\/v9\/t4d\/1\/16\/1f4de.png\" alt=\"&#x1f4de;\" width=\"16\" height=\"16\" \/><\/span> Kontakt: 74 815 13 64<br class=\"html-br\" \/><\/span><\/p>\n<p>&nbsp;<\/p>\n<p><img loading=\"lazy\" decoding=\"async\" class=\"alignnone size-medium wp-image-2010\" src=\"http:\/\/fajnaszkola.eu\/wp-content\/uploads\/2025\/05\/pkol-300x204.jpg\" alt=\"\" width=\"300\" height=\"204\" srcset=\"http:\/\/fajnaszkola.eu\/wp-content\/uploads\/2025\/05\/pkol-300x204.jpg 300w, http:\/\/fajnaszkola.eu\/wp-content\/uploads\/2025\/05\/pkol-768x521.jpg 768w, http:\/\/fajnaszkola.eu\/wp-content\/uploads\/2025\/05\/pkol.jpg 796w\" sizes=\"auto, (max-width: 300px) 100vw, 300px\" \/><\/p>\n","protected":false},"excerpt":{"rendered":"<p>(kliknij na READ MORE nast\u0119pnie pobierz formularz\u00a0 i wype\u0142nij) Letnie p\u00f3\u0142kolonie w SP1! Zapisy: Formularz dost\u0119pny na stronie internetowej szko\u0142y: formularz Termin: 30 czerwca \u2013 11 lipca 2025 Miejsce: Szko\u0142a Podstawowa nr 1 im. Tadeusza Ko\u015bciuszki, ul. Krzywa 9, Z\u0105bkowice &hellip; <\/p>\n","protected":false},"author":1,"featured_media":2010,"comment_status":"closed","ping_status":"closed","sticky":false,"template":"","format":"standard","meta":{"_exactmetrics_skip_tracking":false,"_exactmetrics_sitenote_active":false,"_exactmetrics_sitenote_note":"","_exactmetrics_sitenote_category":0,"footnotes":""},"categories":[1],"tags":[],"class_list":["post-2009","post","type-post","status-publish","format-standard","has-post-thumbnail","hentry","category-bez-kategorii"],"_links":{"self":[{"href":"http:\/\/fajnaszkola.eu\/index.php\/wp-json\/wp\/v2\/posts\/2009","targetHints":{"allow":["GET"]}}],"collection":[{"href":"http:\/\/fajnaszkola.eu\/index.php\/wp-json\/wp\/v2\/posts"}],"about":[{"href":"http:\/\/fajnaszkola.eu\/index.php\/wp-json\/wp\/v2\/types\/post"}],"author":[{"embeddable":true,"href":"http:\/\/fajnaszkola.eu\/index.php\/wp-json\/wp\/v2\/users\/1"}],"replies":[{"embeddable":true,"href":"http:\/\/fajnaszkola.eu\/index.php\/wp-json\/wp\/v2\/comments?post=2009"}],"version-history":[{"count":5,"href":"http:\/\/fajnaszkola.eu\/index.php\/wp-json\/wp\/v2\/posts\/2009\/revisions"}],"predecessor-version":[{"id":2017,"href":"http:\/\/fajnaszkola.eu\/index.php\/wp-json\/wp\/v2\/posts\/2009\/revisions\/2017"}],"wp:featuredmedia":[{"embeddable":true,"href":"http:\/\/fajnaszkola.eu\/index.php\/wp-json\/wp\/v2\/media\/2010"}],"wp:attachment":[{"href":"http:\/\/fajnaszkola.eu\/index.php\/wp-json\/wp\/v2\/media?parent=2009"}],"wp:term":[{"taxonomy":"category","embeddable":true,"href":"http:\/\/fajnaszkola.eu\/index.php\/wp-json\/wp\/v2\/categories?post=2009"},{"taxonomy":"post_tag","embeddable":true,"href":"http:\/\/fajnaszkola.eu\/index.php\/wp-json\/wp\/v2\/tags?post=2009"}],"curies":[{"name":"wp","href":"https:\/\/api.w.org\/{rel}","templated":true}]}}