{"id":2019,"date":"2025-05-26T09:25:29","date_gmt":"2025-05-26T07:25:29","guid":{"rendered":"https:\/\/fajnaszkola.eu\/?p=2019"},"modified":"2025-05-26T09:25:29","modified_gmt":"2025-05-26T07:25:29","slug":"zegnaj-dyrektorze","status":"publish","type":"post","link":"http:\/\/fajnaszkola.eu\/index.php\/2025\/05\/26\/zegnaj-dyrektorze\/","title":{"rendered":"ZEGNAJ DYREKTORZE"},"content":{"rendered":"<div class=\"html-div xdj266r x11i5rnm xat24cr x1mh8g0r xexx8yu x4uap5 x18d9i69 xkhd6sd\" dir=\"auto\">\n<div class=\"html-div xdj266r x11i5rnm xat24cr x1mh8g0r xexx8yu x4uap5 x18d9i69 xkhd6sd\" data-ad-rendering-role=\"story_message\">\n<div id=\"\u00abRlanamladaammjabiqapapd5aqH2\u00bb\" class=\"x1l90r2v x1iorvi4 x1ye3gou xn6708d\" data-ad-comet-preview=\"message\" data-ad-preview=\"message\">\n<div class=\"x78zum5 xdt5ytf xz62fqu x16ldp7u\">\n<div class=\"xu06os2 x1ok221b\">\n<div class=\"html-div xdj266r x11i5rnm xat24cr x1mh8g0r xexx8yu x4uap5 x18d9i69 xkhd6sd\">\n<div class=\"xdj266r x11i5rnm xat24cr x1mh8g0r x1vvkbs x126k92a\">\n<div dir=\"auto\">Z wielkim smutkiem informujemy, \u017ce zmar\u0142 W\u0142adys\u0142aw Rajczakowski &#8211; wieloletni Dyrektor naszej szko\u0142y, nauczyciel, przewodnik wielu pokole\u0144. Odszed\u0142 od nas cz\u0142owiek niezwykle oddany edukacji, wychowaniu m\u0142odzie\u017cy oraz spo\u0142eczno\u015bci szkolnej. Pe\u0142ni\u0142 funkcj\u0119 dyrektora z ogromnym zaanga\u017cowaniem, m\u0105dro\u015bci\u0105 i sercem. By\u0142 nie tylko wspania\u0142ym pedagogiem i organizatorem, ale przede wszystkim dobrym cz\u0142owiekiem, kt\u00f3ry zawsze mia\u0142 czas dla uczni\u00f3w, nauczycieli i rodzic\u00f3w. Pozostawi\u0142 po sobie nie tylko wiedz\u0119, ale i ciep\u0142o.<\/div>\n<\/div>\n<div class=\"x11i5rnm xat24cr x1mh8g0r x1vvkbs xtlvy1s x126k92a\">\n<div dir=\"auto\">Pozostanie w naszej pami\u0119ci jako osoba, kt\u00f3ra kszta\u0142towa\u0142a nasz\u0105 szko\u0142\u0119 przez wiele lat, nadaj\u0105c jej niepowtarzalny charakter i atmosfer\u0119.<\/div>\n<\/div>\n<div class=\"x11i5rnm xat24cr x1mh8g0r x1vvkbs xtlvy1s x126k92a\">\n<div dir=\"auto\">Rodzinie i bliskim sk\u0142adamy najszczersze wyrazy wsp\u00f3\u0142czucia.<\/div>\n<\/div>\n<div class=\"x11i5rnm xat24cr x1mh8g0r x1vvkbs xtlvy1s x126k92a\">\n<div dir=\"auto\">Spoczywaj w pokoju, nasz Przyjacielu.<\/div>\n<div dir=\"auto\"><img loading=\"lazy\" decoding=\"async\" class=\"alignnone size-medium wp-image-2020\" src=\"http:\/\/fajnaszkola.eu\/wp-content\/uploads\/2025\/05\/DYR-212x300.jpg\" alt=\"\" width=\"212\" height=\"300\" srcset=\"http:\/\/fajnaszkola.eu\/wp-content\/uploads\/2025\/05\/DYR-212x300.jpg 212w, http:\/\/fajnaszkola.eu\/wp-content\/uploads\/2025\/05\/DYR.jpg 318w\" sizes=\"auto, (max-width: 212px) 100vw, 212px\" \/><\/div>\n<\/div>\n<\/div>\n<\/div>\n<\/div>\n<\/div>\n<\/div>\n<\/div>\n","protected":false},"excerpt":{"rendered":"<p>Z wielkim smutkiem informujemy, \u017ce zmar\u0142 W\u0142adys\u0142aw Rajczakowski &#8211; wieloletni Dyrektor naszej szko\u0142y, nauczyciel, przewodnik wielu pokole\u0144. Odszed\u0142 od nas cz\u0142owiek niezwykle oddany edukacji, wychowaniu m\u0142odzie\u017cy oraz spo\u0142eczno\u015bci szkolnej. Pe\u0142ni\u0142 funkcj\u0119 dyrektora z ogromnym zaanga\u017cowaniem, m\u0105dro\u015bci\u0105 i sercem. By\u0142 nie &hellip; <\/p>\n","protected":false},"author":1,"featured_media":2020,"comment_status":"closed","ping_status":"closed","sticky":false,"template":"","format":"standard","meta":{"_exactmetrics_skip_tracking":false,"_exactmetrics_sitenote_active":false,"_exactmetrics_sitenote_note":"","_exactmetrics_sitenote_category":0,"footnotes":""},"categories":[1],"tags":[],"class_list":["post-2019","post","type-post","status-publish","format-standard","has-post-thumbnail","hentry","category-bez-kategorii"],"_links":{"self":[{"href":"http:\/\/fajnaszkola.eu\/index.php\/wp-json\/wp\/v2\/posts\/2019","targetHints":{"allow":["GET"]}}],"collection":[{"href":"http:\/\/fajnaszkola.eu\/index.php\/wp-json\/wp\/v2\/posts"}],"about":[{"href":"http:\/\/fajnaszkola.eu\/index.php\/wp-json\/wp\/v2\/types\/post"}],"author":[{"embeddable":true,"href":"http:\/\/fajnaszkola.eu\/index.php\/wp-json\/wp\/v2\/users\/1"}],"replies":[{"embeddable":true,"href":"http:\/\/fajnaszkola.eu\/index.php\/wp-json\/wp\/v2\/comments?post=2019"}],"version-history":[{"count":1,"href":"http:\/\/fajnaszkola.eu\/index.php\/wp-json\/wp\/v2\/posts\/2019\/revisions"}],"predecessor-version":[{"id":2021,"href":"http:\/\/fajnaszkola.eu\/index.php\/wp-json\/wp\/v2\/posts\/2019\/revisions\/2021"}],"wp:featuredmedia":[{"embeddable":true,"href":"http:\/\/fajnaszkola.eu\/index.php\/wp-json\/wp\/v2\/media\/2020"}],"wp:attachment":[{"href":"http:\/\/fajnaszkola.eu\/index.php\/wp-json\/wp\/v2\/media?parent=2019"}],"wp:term":[{"taxonomy":"category","embeddable":true,"href":"http:\/\/fajnaszkola.eu\/index.php\/wp-json\/wp\/v2\/categories?post=2019"},{"taxonomy":"post_tag","embeddable":true,"href":"http:\/\/fajnaszkola.eu\/index.php\/wp-json\/wp\/v2\/tags?post=2019"}],"curies":[{"name":"wp","href":"https:\/\/api.w.org\/{rel}","templated":true}]}}