{"id":643,"date":"2018-03-14T06:27:55","date_gmt":"2018-03-14T05:27:55","guid":{"rendered":"http:\/\/fajnaszkola.eu\/?p=643"},"modified":"2018-03-21T06:40:34","modified_gmt":"2018-03-21T05:40:34","slug":"dzien-otwarty","status":"publish","type":"post","link":"http:\/\/fajnaszkola.eu\/index.php\/2018\/03\/14\/dzien-otwarty\/","title":{"rendered":"DZIE\u0143 OTWARTY"},"content":{"rendered":"<p>14 marca w Szkole Podstawowej nr 1 odby\u0142 si\u0119 Dzie\u0144 Otwarty. Nasze progi przekroczy\u0142y przedszkolaki prawie wszystkich z\u0105bkowickich przedszkoli. Dzieci obejrza\u0142y przedstawienie pt. \u201eMa\u0142pia szko\u0142a\u201d. W dalszej cz\u0119\u015bci programu artystycznego zaprezentowa\u0142y si\u0119 nasze szkolne talenty wokalne i recytatorskie.<br \/>\nNast\u0119pnie przedszkolaki zosta\u0142y oprowadzone po szkole przez si\u00f3dmoklasist\u00f3w. Obejrza\u0142y sale lekcyjne, a tak\u017ce wzi\u0119\u0142y udzia\u0142 w quizie przygotowanym przez samorz\u0105d szkolny \u2013 musia\u0142y si\u0119 zmierzy\u0107 z pytaniami z zakresu m.in. literatury, matematyki i przyrody. Na pami\u0105tk\u0119 otrzyma\u0142y \u015blicznie ozdobione wielkanocne jajeczka.<br \/>\nPo po\u0142udniu szko\u0142a otworzy\u0142a swoje podwoje dla rodzic\u00f3w. Mogli oni obejrze\u0107 prawie ka\u017cdy zakamarek naszej szko\u0142y \u2013 sale lekcyjne, pracowni\u0119 komputerow\u0105 i gimnastyczn\u0105, szatnie itp. Nauczyciele oraz dyrekcja cierpliwie odpowiadali na wszystkie pytania i rozwiewali wszelkie w\u0105tpliwo\u015bci.<br \/>\nPrzyby\u0142ym Przedszkolakom oraz ich Rodzicom serdecznie dzi\u0119kujemy za wsp\u00f3lnie sp\u0119dzony czas. Mamy nadziej\u0119, \u017ce wielu z Was zawita do nas we wrze\u015bniu \u2013 ju\u017c jako nasi uczniowie.<\/p>\n<p><img loading=\"lazy\" decoding=\"async\" class=\"alignnone size-medium wp-image-645\" src=\"http:\/\/fajnaszkola.eu\/wp-content\/uploads\/2018\/03\/DSCN0521-300x229.jpg\" alt=\"\" width=\"300\" height=\"229\" srcset=\"http:\/\/fajnaszkola.eu\/wp-content\/uploads\/2018\/03\/DSCN0521-300x229.jpg 300w, http:\/\/fajnaszkola.eu\/wp-content\/uploads\/2018\/03\/DSCN0521-768x587.jpg 768w, http:\/\/fajnaszkola.eu\/wp-content\/uploads\/2018\/03\/DSCN0521.jpg 823w\" sizes=\"auto, (max-width: 300px) 100vw, 300px\" \/> <img loading=\"lazy\" decoding=\"async\" class=\"alignnone size-medium wp-image-646\" src=\"http:\/\/fajnaszkola.eu\/wp-content\/uploads\/2018\/03\/DSCN0507-300x225.jpg\" alt=\"\" width=\"300\" height=\"225\" srcset=\"http:\/\/fajnaszkola.eu\/wp-content\/uploads\/2018\/03\/DSCN0507-300x225.jpg 300w, http:\/\/fajnaszkola.eu\/wp-content\/uploads\/2018\/03\/DSCN0507-768x576.jpg 768w, http:\/\/fajnaszkola.eu\/wp-content\/uploads\/2018\/03\/DSCN0507.jpg 922w\" sizes=\"auto, (max-width: 300px) 100vw, 300px\" \/> <img loading=\"lazy\" decoding=\"async\" class=\"alignnone size-medium wp-image-647\" src=\"http:\/\/fajnaszkola.eu\/wp-content\/uploads\/2018\/03\/DSCN0531-300x198.jpg\" alt=\"\" width=\"300\" height=\"198\" srcset=\"http:\/\/fajnaszkola.eu\/wp-content\/uploads\/2018\/03\/DSCN0531-300x198.jpg 300w, http:\/\/fajnaszkola.eu\/wp-content\/uploads\/2018\/03\/DSCN0531-768x506.jpg 768w, http:\/\/fajnaszkola.eu\/wp-content\/uploads\/2018\/03\/DSCN0531.jpg 915w\" sizes=\"auto, (max-width: 300px) 100vw, 300px\" \/><\/p>\n","protected":false},"excerpt":{"rendered":"<p>14 marca w Szkole Podstawowej nr 1 odby\u0142 si\u0119 Dzie\u0144 Otwarty. Nasze progi przekroczy\u0142y przedszkolaki prawie wszystkich z\u0105bkowickich przedszkoli. Dzieci obejrza\u0142y przedstawienie pt. \u201eMa\u0142pia szko\u0142a\u201d. W dalszej cz\u0119\u015bci programu artystycznego zaprezentowa\u0142y si\u0119 nasze szkolne talenty wokalne i recytatorskie. Nast\u0119pnie przedszkolaki &hellip; <\/p>\n","protected":false},"author":1,"featured_media":644,"comment_status":"closed","ping_status":"closed","sticky":false,"template":"","format":"standard","meta":{"_exactmetrics_skip_tracking":false,"_exactmetrics_sitenote_active":false,"_exactmetrics_sitenote_note":"","_exactmetrics_sitenote_category":0,"footnotes":""},"categories":[1],"tags":[],"class_list":["post-643","post","type-post","status-publish","format-standard","has-post-thumbnail","hentry","category-bez-kategorii"],"_links":{"self":[{"href":"http:\/\/fajnaszkola.eu\/index.php\/wp-json\/wp\/v2\/posts\/643","targetHints":{"allow":["GET"]}}],"collection":[{"href":"http:\/\/fajnaszkola.eu\/index.php\/wp-json\/wp\/v2\/posts"}],"about":[{"href":"http:\/\/fajnaszkola.eu\/index.php\/wp-json\/wp\/v2\/types\/post"}],"author":[{"embeddable":true,"href":"http:\/\/fajnaszkola.eu\/index.php\/wp-json\/wp\/v2\/users\/1"}],"replies":[{"embeddable":true,"href":"http:\/\/fajnaszkola.eu\/index.php\/wp-json\/wp\/v2\/comments?post=643"}],"version-history":[{"count":1,"href":"http:\/\/fajnaszkola.eu\/index.php\/wp-json\/wp\/v2\/posts\/643\/revisions"}],"predecessor-version":[{"id":648,"href":"http:\/\/fajnaszkola.eu\/index.php\/wp-json\/wp\/v2\/posts\/643\/revisions\/648"}],"wp:featuredmedia":[{"embeddable":true,"href":"http:\/\/fajnaszkola.eu\/index.php\/wp-json\/wp\/v2\/media\/644"}],"wp:attachment":[{"href":"http:\/\/fajnaszkola.eu\/index.php\/wp-json\/wp\/v2\/media?parent=643"}],"wp:term":[{"taxonomy":"category","embeddable":true,"href":"http:\/\/fajnaszkola.eu\/index.php\/wp-json\/wp\/v2\/categories?post=643"},{"taxonomy":"post_tag","embeddable":true,"href":"http:\/\/fajnaszkola.eu\/index.php\/wp-json\/wp\/v2\/tags?post=643"}],"curies":[{"name":"wp","href":"https:\/\/api.w.org\/{rel}","templated":true}]}}