{"id":658,"date":"2018-04-09T19:25:27","date_gmt":"2018-04-09T17:25:27","guid":{"rendered":"http:\/\/fajnaszkola.eu\/?p=658"},"modified":"2018-04-18T19:30:47","modified_gmt":"2018-04-18T17:30:47","slug":"koncert-edukacyjny-w-rytmie-flamenco","status":"publish","type":"post","link":"http:\/\/fajnaszkola.eu\/index.php\/2018\/04\/09\/koncert-edukacyjny-w-rytmie-flamenco\/","title":{"rendered":"KONCERT EDUKACYJNY \u2013 W RYTMIE FLAMENCO"},"content":{"rendered":"<p>W poniedzia\u0142ek 9 kwietnia klasy IV-VII zebra\u0142y si\u0119 w sali gimnastycznej, by wys\u0142ucha\u0107 koncertu edukacyjnego w latynoskich rytmach. Odwiedzili nas pani Hania i pan Robert. Pani Hania zata\u0144czy\u0142a ogniste flamenco, a jej partner akompaniowa\u0142 na ukulele. Przy prezentacji kolejnych utwor\u00f3w opowiedziano nam histori\u0119 ta\u0144c\u00f3w i muzyki latynoameryka\u0144skiej. Pokazano te\u017c akcesoria taneczne \u2013 kastaniety i chust\u0119 ozdobion\u0105 fr\u0119dzlami.<br \/>\nNa dziewcz\u0119tach najwi\u0119ksze wra\u017cenie zrobi\u0142a pi\u0119kna suknia do flamenco uszyta z koronki w kolorze ognistej czerwieni oraz buty podbite gwo\u017adzikami, by przy ta\u0144cu wydawa\u0142y charakterystyczny d\u017awi\u0119k. Tancerka zaproponowa\u0142a, \u017ce nauczy nas kilku podstawowych krok\u00f3w flamenco i od razu znalaz\u0142y si\u0119 ch\u0119tne. Nasze uczennice s\u0105 bardzo poj\u0119tne i szybko \u201eza\u0142apa\u0142y\u201d kroki.<br \/>\nKoncert by\u0142 bardzo interesuj\u0105cy i energetyczny. Szkoda, \u017ce to by\u0142o ostatnie spotkanie w tym roku szkolnym.<\/p>\n<p>Patrycja Szarek<\/p>\n<p>&nbsp;<\/p>\n","protected":false},"excerpt":{"rendered":"<p>W poniedzia\u0142ek 9 kwietnia klasy IV-VII zebra\u0142y si\u0119 w sali gimnastycznej, by wys\u0142ucha\u0107 koncertu edukacyjnego w latynoskich rytmach. Odwiedzili nas pani Hania i pan Robert. Pani Hania zata\u0144czy\u0142a ogniste flamenco, a jej partner akompaniowa\u0142 na ukulele. Przy prezentacji kolejnych utwor\u00f3w &hellip; <\/p>\n","protected":false},"author":1,"featured_media":659,"comment_status":"closed","ping_status":"closed","sticky":false,"template":"","format":"standard","meta":{"_exactmetrics_skip_tracking":false,"_exactmetrics_sitenote_active":false,"_exactmetrics_sitenote_note":"","_exactmetrics_sitenote_category":0,"footnotes":""},"categories":[1],"tags":[],"class_list":["post-658","post","type-post","status-publish","format-standard","has-post-thumbnail","hentry","category-bez-kategorii"],"_links":{"self":[{"href":"http:\/\/fajnaszkola.eu\/index.php\/wp-json\/wp\/v2\/posts\/658","targetHints":{"allow":["GET"]}}],"collection":[{"href":"http:\/\/fajnaszkola.eu\/index.php\/wp-json\/wp\/v2\/posts"}],"about":[{"href":"http:\/\/fajnaszkola.eu\/index.php\/wp-json\/wp\/v2\/types\/post"}],"author":[{"embeddable":true,"href":"http:\/\/fajnaszkola.eu\/index.php\/wp-json\/wp\/v2\/users\/1"}],"replies":[{"embeddable":true,"href":"http:\/\/fajnaszkola.eu\/index.php\/wp-json\/wp\/v2\/comments?post=658"}],"version-history":[{"count":1,"href":"http:\/\/fajnaszkola.eu\/index.php\/wp-json\/wp\/v2\/posts\/658\/revisions"}],"predecessor-version":[{"id":660,"href":"http:\/\/fajnaszkola.eu\/index.php\/wp-json\/wp\/v2\/posts\/658\/revisions\/660"}],"wp:featuredmedia":[{"embeddable":true,"href":"http:\/\/fajnaszkola.eu\/index.php\/wp-json\/wp\/v2\/media\/659"}],"wp:attachment":[{"href":"http:\/\/fajnaszkola.eu\/index.php\/wp-json\/wp\/v2\/media?parent=658"}],"wp:term":[{"taxonomy":"category","embeddable":true,"href":"http:\/\/fajnaszkola.eu\/index.php\/wp-json\/wp\/v2\/categories?post=658"},{"taxonomy":"post_tag","embeddable":true,"href":"http:\/\/fajnaszkola.eu\/index.php\/wp-json\/wp\/v2\/tags?post=658"}],"curies":[{"name":"wp","href":"https:\/\/api.w.org\/{rel}","templated":true}]}}