{"id":673,"date":"2018-04-20T20:06:06","date_gmt":"2018-04-20T18:06:06","guid":{"rendered":"http:\/\/fajnaszkola.eu\/?p=673"},"modified":"2018-04-25T20:13:24","modified_gmt":"2018-04-25T18:13:24","slug":"konkurs-szkolny-mistrz-jezyka","status":"publish","type":"post","link":"http:\/\/fajnaszkola.eu\/index.php\/2018\/04\/20\/konkurs-szkolny-mistrz-jezyka\/","title":{"rendered":"KONKURS \u201eSZKOLNY MISTRZ J\u0118ZYKA\u201d"},"content":{"rendered":"<p>Z okazji Dnia J\u0119zyka Ojczystego w Szkole Podstawowej nr 1 odby\u0142 si\u0119 konkurs \u201eSzkolny Mistrz J\u0119zyka\u201d. Mia\u0142 on na celu promowanie w\u015br\u00f3d uczni\u00f3w postawy \u015bwiadomego pos\u0142ugiwania si\u0119 j\u0119zykiem ojczystym, sprawdzenie umiej\u0119tno\u015bci j\u0119zykowych oraz rozwijanie uzdolnie\u0144.<br \/>\nUczniowie klas IV-VII zmierzyli si\u0119 z testem sk\u0142adaj\u0105cym si\u0119 z dw\u00f3ch cz\u0119\u015bci. Cz\u0119\u015b\u0107 pierwsza to dyktando ortograficzne, za\u015b w cz\u0119\u015b\u0107 druga zawiera\u0142a pytania z zakresu m.in. fonetyki, s\u0142owotw\u00f3rstwa, fleksji, sk\u0142adni oraz szeroko poj\u0119tej poprawno\u015bci j\u0119zykowej.<br \/>\nWyniki konkursu na poszczeg\u00f3lnych poziomach przedstawiaj\u0105 si\u0119 nast\u0119puj\u0105co:<br \/>\nKLASY IV:<br \/>\n1. miejsce \u2013 Amelia We\u017cgowiec<br \/>\n2. miejsce \u2013 Natalia Wi\u0119c\u0142aw<br \/>\n3. miejsce \u2013 Justyna D\u0119bi\u0144ska<br \/>\nKLASA V:<br \/>\n1. miejsce \u2013 Amelia Karpiak<br \/>\n2. miejsce \u2013 Klaudia Krasowska<br \/>\n3. miejsce \u2013 Emanuela Sawicka<br \/>\nKLASA VI:<br \/>\n1. miejsce \u2013 Gracjana Dziopa<br \/>\n2. miejsce \u2013 Martyna Bednarz<br \/>\n3. miejsce \u2013 Micha\u0142 Chmielowiec<br \/>\nKLASY VII:<br \/>\n1. miejsce \u2013 Izabela Kiepiela<br \/>\n2. miejsce \u2013 Maja Styczy\u0144ska<br \/>\n3. miejsce \u2013 Katarzyna Szmit<br \/>\nZwyci\u0119zcom serdecznie gratulujemy!<\/p>\n<p>&nbsp;<\/p>\n","protected":false},"excerpt":{"rendered":"<p>Z okazji Dnia J\u0119zyka Ojczystego w Szkole Podstawowej nr 1 odby\u0142 si\u0119 konkurs \u201eSzkolny Mistrz J\u0119zyka\u201d. Mia\u0142 on na celu promowanie w\u015br\u00f3d uczni\u00f3w postawy \u015bwiadomego pos\u0142ugiwania si\u0119 j\u0119zykiem ojczystym, sprawdzenie umiej\u0119tno\u015bci j\u0119zykowych oraz rozwijanie uzdolnie\u0144. Uczniowie klas IV-VII zmierzyli si\u0119 &hellip; <\/p>\n","protected":false},"author":1,"featured_media":674,"comment_status":"closed","ping_status":"closed","sticky":false,"template":"","format":"standard","meta":{"_exactmetrics_skip_tracking":false,"_exactmetrics_sitenote_active":false,"_exactmetrics_sitenote_note":"","_exactmetrics_sitenote_category":0,"footnotes":""},"categories":[1],"tags":[],"class_list":["post-673","post","type-post","status-publish","format-standard","has-post-thumbnail","hentry","category-bez-kategorii"],"_links":{"self":[{"href":"http:\/\/fajnaszkola.eu\/index.php\/wp-json\/wp\/v2\/posts\/673","targetHints":{"allow":["GET"]}}],"collection":[{"href":"http:\/\/fajnaszkola.eu\/index.php\/wp-json\/wp\/v2\/posts"}],"about":[{"href":"http:\/\/fajnaszkola.eu\/index.php\/wp-json\/wp\/v2\/types\/post"}],"author":[{"embeddable":true,"href":"http:\/\/fajnaszkola.eu\/index.php\/wp-json\/wp\/v2\/users\/1"}],"replies":[{"embeddable":true,"href":"http:\/\/fajnaszkola.eu\/index.php\/wp-json\/wp\/v2\/comments?post=673"}],"version-history":[{"count":1,"href":"http:\/\/fajnaszkola.eu\/index.php\/wp-json\/wp\/v2\/posts\/673\/revisions"}],"predecessor-version":[{"id":675,"href":"http:\/\/fajnaszkola.eu\/index.php\/wp-json\/wp\/v2\/posts\/673\/revisions\/675"}],"wp:featuredmedia":[{"embeddable":true,"href":"http:\/\/fajnaszkola.eu\/index.php\/wp-json\/wp\/v2\/media\/674"}],"wp:attachment":[{"href":"http:\/\/fajnaszkola.eu\/index.php\/wp-json\/wp\/v2\/media?parent=673"}],"wp:term":[{"taxonomy":"category","embeddable":true,"href":"http:\/\/fajnaszkola.eu\/index.php\/wp-json\/wp\/v2\/categories?post=673"},{"taxonomy":"post_tag","embeddable":true,"href":"http:\/\/fajnaszkola.eu\/index.php\/wp-json\/wp\/v2\/tags?post=673"}],"curies":[{"name":"wp","href":"https:\/\/api.w.org\/{rel}","templated":true}]}}