{"id":677,"date":"2018-04-25T19:02:49","date_gmt":"2018-04-25T17:02:49","guid":{"rendered":"http:\/\/fajnaszkola.eu\/?p=677"},"modified":"2018-05-01T19:15:26","modified_gmt":"2018-05-01T17:15:26","slug":"wiwat-3-maj-2","status":"publish","type":"post","link":"http:\/\/fajnaszkola.eu\/index.php\/2018\/04\/25\/wiwat-3-maj-2\/","title":{"rendered":"WIWAT 3 MAJ!"},"content":{"rendered":"<p>W tym roku gminne uroczysto\u015bci z okazji rocznicy uchwalenia Konstytucji 3 Maja przypad\u0142y ju\u017c na koniec kwietnia. Uczniowie naszej szko\u0142y oraz Publicznego Gimnazjum nr 2 przygotowali z tej okazji program artystyczny artystyczny, kt\u00f3ry zgromadzi\u0142 w Z\u0105bkowickim O\u015brodku Kultury spor\u0105 publiczno\u015b\u0107, z burmistrzem Marcinem Orzeszkiem i starost\u0105 Romanem Festerem na czele.<br \/>\nPrzedstawienie by\u0142o monta\u017cem s\u0142owno-muzyczno-multimedialnym, w kt\u00f3rym wiele by\u0142o odwo\u0142a\u0144 do polskiej historii i tego, jak wielki wp\u0142yw wywar\u0142o uchwalenie konstytucji na nasz nar\u00f3d. Uczniowie naszej szko\u0142y oraz gimnazjum przedstawili scenki z sejmu, \u015bpiewali pie\u015bni patriotyczne, a tak\u017ce odta\u0144czyli krakowiaka i poloneza.<br \/>\nZa przygotowanie tego wspania\u0142ego przedstawienia dzi\u0119kujemy naszym nauczycielkom: Ma\u0142gorzacie Fudali, Bo\u017cenie Kr\u00f3l-Ja\u0142owieckiej i Justynie Zab\u0142ockiej, a tak\u017ce wszystkim rodzicom i przede wszystkim \u2013 uczniom, kt\u00f3rzy dostarczyli nam tylu wzrusze\u0144 i okazji do refleksji.<\/p>\n<figure id=\"attachment_679\" aria-describedby=\"caption-attachment-679\" style=\"width: 300px\" class=\"wp-caption alignnone\"><img loading=\"lazy\" decoding=\"async\" class=\"size-medium wp-image-679\" src=\"http:\/\/fajnaszkola.eu\/wp-content\/uploads\/2018\/05\/P4254733-300x225.jpg\" alt=\"\" width=\"300\" height=\"225\" srcset=\"http:\/\/fajnaszkola.eu\/wp-content\/uploads\/2018\/05\/P4254733-300x225.jpg 300w, http:\/\/fajnaszkola.eu\/wp-content\/uploads\/2018\/05\/P4254733-768x576.jpg 768w, http:\/\/fajnaszkola.eu\/wp-content\/uploads\/2018\/05\/P4254733.jpg 1024w\" sizes=\"auto, (max-width: 300px) 100vw, 300px\" \/><figcaption id=\"caption-attachment-679\" class=\"wp-caption-text\">OLYMPUS DIGITAL CAMERA<\/figcaption><\/figure>\n<figure id=\"attachment_680\" aria-describedby=\"caption-attachment-680\" style=\"width: 300px\" class=\"wp-caption alignnone\"><img loading=\"lazy\" decoding=\"async\" class=\"size-medium wp-image-680\" src=\"http:\/\/fajnaszkola.eu\/wp-content\/uploads\/2018\/05\/P4254726-300x225.jpg\" alt=\"\" width=\"300\" height=\"225\" srcset=\"http:\/\/fajnaszkola.eu\/wp-content\/uploads\/2018\/05\/P4254726-300x225.jpg 300w, http:\/\/fajnaszkola.eu\/wp-content\/uploads\/2018\/05\/P4254726-768x576.jpg 768w, http:\/\/fajnaszkola.eu\/wp-content\/uploads\/2018\/05\/P4254726.jpg 1024w\" sizes=\"auto, (max-width: 300px) 100vw, 300px\" \/><figcaption id=\"caption-attachment-680\" class=\"wp-caption-text\">OLYMPUS DIGITAL CAMERA<\/figcaption><\/figure>\n<figure id=\"attachment_681\" aria-describedby=\"caption-attachment-681\" style=\"width: 300px\" class=\"wp-caption alignnone\"><img loading=\"lazy\" decoding=\"async\" class=\"size-medium wp-image-681\" src=\"http:\/\/fajnaszkola.eu\/wp-content\/uploads\/2018\/05\/P4254716-300x225.jpg\" alt=\"\" width=\"300\" height=\"225\" srcset=\"http:\/\/fajnaszkola.eu\/wp-content\/uploads\/2018\/05\/P4254716-300x225.jpg 300w, http:\/\/fajnaszkola.eu\/wp-content\/uploads\/2018\/05\/P4254716-768x576.jpg 768w, http:\/\/fajnaszkola.eu\/wp-content\/uploads\/2018\/05\/P4254716.jpg 896w\" sizes=\"auto, (max-width: 300px) 100vw, 300px\" \/><figcaption id=\"caption-attachment-681\" class=\"wp-caption-text\">OLYMPUS DIGITAL CAMERA<\/figcaption><\/figure>\n","protected":false},"excerpt":{"rendered":"<p>W tym roku gminne uroczysto\u015bci z okazji rocznicy uchwalenia Konstytucji 3 Maja przypad\u0142y ju\u017c na koniec kwietnia. Uczniowie naszej szko\u0142y oraz Publicznego Gimnazjum nr 2 przygotowali z tej okazji program artystyczny artystyczny, kt\u00f3ry zgromadzi\u0142 w Z\u0105bkowickim O\u015brodku Kultury spor\u0105 publiczno\u015b\u0107, &hellip; <\/p>\n","protected":false},"author":1,"featured_media":678,"comment_status":"closed","ping_status":"closed","sticky":false,"template":"","format":"standard","meta":{"_exactmetrics_skip_tracking":false,"_exactmetrics_sitenote_active":false,"_exactmetrics_sitenote_note":"","_exactmetrics_sitenote_category":0,"footnotes":""},"categories":[1],"tags":[],"class_list":["post-677","post","type-post","status-publish","format-standard","has-post-thumbnail","hentry","category-bez-kategorii"],"_links":{"self":[{"href":"http:\/\/fajnaszkola.eu\/index.php\/wp-json\/wp\/v2\/posts\/677","targetHints":{"allow":["GET"]}}],"collection":[{"href":"http:\/\/fajnaszkola.eu\/index.php\/wp-json\/wp\/v2\/posts"}],"about":[{"href":"http:\/\/fajnaszkola.eu\/index.php\/wp-json\/wp\/v2\/types\/post"}],"author":[{"embeddable":true,"href":"http:\/\/fajnaszkola.eu\/index.php\/wp-json\/wp\/v2\/users\/1"}],"replies":[{"embeddable":true,"href":"http:\/\/fajnaszkola.eu\/index.php\/wp-json\/wp\/v2\/comments?post=677"}],"version-history":[{"count":1,"href":"http:\/\/fajnaszkola.eu\/index.php\/wp-json\/wp\/v2\/posts\/677\/revisions"}],"predecessor-version":[{"id":682,"href":"http:\/\/fajnaszkola.eu\/index.php\/wp-json\/wp\/v2\/posts\/677\/revisions\/682"}],"wp:featuredmedia":[{"embeddable":true,"href":"http:\/\/fajnaszkola.eu\/index.php\/wp-json\/wp\/v2\/media\/678"}],"wp:attachment":[{"href":"http:\/\/fajnaszkola.eu\/index.php\/wp-json\/wp\/v2\/media?parent=677"}],"wp:term":[{"taxonomy":"category","embeddable":true,"href":"http:\/\/fajnaszkola.eu\/index.php\/wp-json\/wp\/v2\/categories?post=677"},{"taxonomy":"post_tag","embeddable":true,"href":"http:\/\/fajnaszkola.eu\/index.php\/wp-json\/wp\/v2\/tags?post=677"}],"curies":[{"name":"wp","href":"https:\/\/api.w.org\/{rel}","templated":true}]}}