{"id":684,"date":"2018-04-27T19:15:36","date_gmt":"2018-04-27T17:15:36","guid":{"rendered":"http:\/\/fajnaszkola.eu\/?p=684"},"modified":"2018-05-01T19:25:13","modified_gmt":"2018-05-01T17:25:13","slug":"polska-moj-kraj-konkurs-recytatorski","status":"publish","type":"post","link":"http:\/\/fajnaszkola.eu\/index.php\/2018\/04\/27\/polska-moj-kraj-konkurs-recytatorski\/","title":{"rendered":"\u201ePOLSKA \u2013 M\u00d3J KRAJ\u201d &#8211; KONKURS RECYTATORSKI"},"content":{"rendered":"<p>W tym roku mija stulecie odzyskania przez Polsk\u0119 niepodleg\u0142o\u015bci. Z tej okazji w naszej gminie organizowane s\u0105 r\u00f3\u017cne uroczysto\u015bci, koncerty, akademie itp. Nasza szko\u0142a postanowi\u0142a w\u0142\u0105czy\u0107 si\u0119 w te obchody, organizuj\u0105c szkolny konkurs recytatorski \u201ePolska \u2013 m\u00f3j kraj\u201d. Jego celem by\u0142o m.in. rozbudzenie zainteresowania poezj\u0105 i popularyzacja utwor\u00f3w o tematyce patriotycznej oraz piel\u0119gnowanie postaw patriotycznych i warto\u015bci kultury narodowej.<br \/>\nUczniowie prezentowali utwory patriotyczne, a rywalizacja przebiega\u0142a w dw\u00f3ch kategoriach wiekowych (klasy I-III i klasy IV-VII).<br \/>\nWyniki klas I-III:<br \/>\n1. miejsce \u2013 ex aeguo Julia Sawicz i Amelia Dobrowolska<br \/>\n2. miejsce \u2013 ex aeguo Klaudia Wi\u0119c\u0142aw i Karolina Dublowska<br \/>\nWyniki klas IV-VII:<br \/>\n1. miejsce \u2013 Izabela Kiepiela<br \/>\n2. miejsce \u2013 Justyna D\u0119bi\u0144ska<br \/>\n3. miejsce \u2013 Natalia Wi\u0119c\u0142aw<br \/>\nGratulujemy!<\/p>\n<p><img loading=\"lazy\" decoding=\"async\" class=\"alignnone size-medium wp-image-686\" src=\"http:\/\/fajnaszkola.eu\/wp-content\/uploads\/2018\/05\/20180426_090842-225x300.jpg\" alt=\"\" width=\"225\" height=\"300\" srcset=\"http:\/\/fajnaszkola.eu\/wp-content\/uploads\/2018\/05\/20180426_090842-225x300.jpg 225w, http:\/\/fajnaszkola.eu\/wp-content\/uploads\/2018\/05\/20180426_090842-768x1024.jpg 768w, http:\/\/fajnaszkola.eu\/wp-content\/uploads\/2018\/05\/20180426_090842.jpg 992w\" sizes=\"auto, (max-width: 225px) 100vw, 225px\" \/> <img loading=\"lazy\" decoding=\"async\" class=\"alignnone size-medium wp-image-687\" src=\"http:\/\/fajnaszkola.eu\/wp-content\/uploads\/2018\/05\/20180426_082016-225x300.jpg\" alt=\"\" width=\"225\" height=\"300\" srcset=\"http:\/\/fajnaszkola.eu\/wp-content\/uploads\/2018\/05\/20180426_082016-225x300.jpg 225w, http:\/\/fajnaszkola.eu\/wp-content\/uploads\/2018\/05\/20180426_082016-768x1024.jpg 768w, http:\/\/fajnaszkola.eu\/wp-content\/uploads\/2018\/05\/20180426_082016.jpg 992w\" sizes=\"auto, (max-width: 225px) 100vw, 225px\" \/> <img loading=\"lazy\" decoding=\"async\" class=\"alignnone size-medium wp-image-688\" src=\"http:\/\/fajnaszkola.eu\/wp-content\/uploads\/2018\/05\/20180426_081907-225x300.jpg\" alt=\"\" width=\"225\" height=\"300\" srcset=\"http:\/\/fajnaszkola.eu\/wp-content\/uploads\/2018\/05\/20180426_081907-225x300.jpg 225w, http:\/\/fajnaszkola.eu\/wp-content\/uploads\/2018\/05\/20180426_081907-768x1024.jpg 768w, http:\/\/fajnaszkola.eu\/wp-content\/uploads\/2018\/05\/20180426_081907.jpg 929w\" sizes=\"auto, (max-width: 225px) 100vw, 225px\" \/> <img loading=\"lazy\" decoding=\"async\" class=\"alignnone size-medium wp-image-689\" src=\"http:\/\/fajnaszkola.eu\/wp-content\/uploads\/2018\/05\/20180426_081727-225x300.jpg\" alt=\"\" width=\"225\" height=\"300\" srcset=\"http:\/\/fajnaszkola.eu\/wp-content\/uploads\/2018\/05\/20180426_081727-225x300.jpg 225w, http:\/\/fajnaszkola.eu\/wp-content\/uploads\/2018\/05\/20180426_081727-768x1024.jpg 768w, http:\/\/fajnaszkola.eu\/wp-content\/uploads\/2018\/05\/20180426_081727.jpg 929w\" sizes=\"auto, (max-width: 225px) 100vw, 225px\" \/><\/p>\n","protected":false},"excerpt":{"rendered":"<p>W tym roku mija stulecie odzyskania przez Polsk\u0119 niepodleg\u0142o\u015bci. Z tej okazji w naszej gminie organizowane s\u0105 r\u00f3\u017cne uroczysto\u015bci, koncerty, akademie itp. Nasza szko\u0142a postanowi\u0142a w\u0142\u0105czy\u0107 si\u0119 w te obchody, organizuj\u0105c szkolny konkurs recytatorski \u201ePolska \u2013 m\u00f3j kraj\u201d. Jego celem &hellip; <\/p>\n","protected":false},"author":1,"featured_media":685,"comment_status":"closed","ping_status":"closed","sticky":false,"template":"","format":"standard","meta":{"_exactmetrics_skip_tracking":false,"_exactmetrics_sitenote_active":false,"_exactmetrics_sitenote_note":"","_exactmetrics_sitenote_category":0,"footnotes":""},"categories":[1],"tags":[],"class_list":["post-684","post","type-post","status-publish","format-standard","has-post-thumbnail","hentry","category-bez-kategorii"],"_links":{"self":[{"href":"http:\/\/fajnaszkola.eu\/index.php\/wp-json\/wp\/v2\/posts\/684","targetHints":{"allow":["GET"]}}],"collection":[{"href":"http:\/\/fajnaszkola.eu\/index.php\/wp-json\/wp\/v2\/posts"}],"about":[{"href":"http:\/\/fajnaszkola.eu\/index.php\/wp-json\/wp\/v2\/types\/post"}],"author":[{"embeddable":true,"href":"http:\/\/fajnaszkola.eu\/index.php\/wp-json\/wp\/v2\/users\/1"}],"replies":[{"embeddable":true,"href":"http:\/\/fajnaszkola.eu\/index.php\/wp-json\/wp\/v2\/comments?post=684"}],"version-history":[{"count":1,"href":"http:\/\/fajnaszkola.eu\/index.php\/wp-json\/wp\/v2\/posts\/684\/revisions"}],"predecessor-version":[{"id":690,"href":"http:\/\/fajnaszkola.eu\/index.php\/wp-json\/wp\/v2\/posts\/684\/revisions\/690"}],"wp:featuredmedia":[{"embeddable":true,"href":"http:\/\/fajnaszkola.eu\/index.php\/wp-json\/wp\/v2\/media\/685"}],"wp:attachment":[{"href":"http:\/\/fajnaszkola.eu\/index.php\/wp-json\/wp\/v2\/media?parent=684"}],"wp:term":[{"taxonomy":"category","embeddable":true,"href":"http:\/\/fajnaszkola.eu\/index.php\/wp-json\/wp\/v2\/categories?post=684"},{"taxonomy":"post_tag","embeddable":true,"href":"http:\/\/fajnaszkola.eu\/index.php\/wp-json\/wp\/v2\/tags?post=684"}],"curies":[{"name":"wp","href":"https:\/\/api.w.org\/{rel}","templated":true}]}}